{"id":22998,"global_id":"www.sannicolasdemyra.cl\/web?id=22998","global_id_lineage":["www.sannicolasdemyra.cl\/web?id=22998"],"author":"7","status":"publish","date":"2025-01-14 11:18:11","date_utc":"2025-01-14 14:18:11","modified":"2025-01-14 11:18:11","modified_utc":"2025-01-14 14:18:11","url":"https:\/\/www.sannicolasdemyra.cl\/web\/evento\/first-day-1-basico-a-iv-medio\/","rest_url":"https:\/\/www.sannicolasdemyra.cl\/web\/wp-json\/tribe\/events\/v1\/events\/22998","title":"First Day 1\u00b0 B\u00e1sico a IV Medio","description":"<p><strong>Con entusiasmo, damos inicio a un nuevo a\u00f1o escolar, donde cada d\u00eda ser\u00e1 una oportunidad para aprender y crecer.<\/strong><br \/>\nDurante la primera semana de clases, el horario de salida para 1\u00b0 B\u00e1sico a IV Medio ser\u00e1 a las 13:30 hrs., sin almuerzo.<br \/>\n<em>El horario normal comenzar\u00e1 el lunes 10.<\/em><\/p>","excerpt":"","slug":"first-day-1-basico-a-iv-medio","image":{"url":"https:\/\/www.sannicolasdemyra.cl\/web\/wp-content\/uploads\/First-Day-1-a-IV-Medio.jpg","id":25220,"extension":"jpg","width":400,"height":227,"filesize":25892,"sizes":{"medium":{"width":300,"height":170,"mime-type":"image\/jpeg","filesize":15283,"url":"https:\/\/www.sannicolasdemyra.cl\/web\/wp-content\/uploads\/First-Day-1-a-IV-Medio-300x170.jpg"},"thumbnail":{"width":150,"height":150,"mime-type":"image\/jpeg","filesize":7880,"url":"https:\/\/www.sannicolasdemyra.cl\/web\/wp-content\/uploads\/First-Day-1-a-IV-Medio-150x150.jpg"}}},"all_day":false,"start_date":"2025-03-05 08:05:00","start_date_details":{"year":"2025","month":"03","day":"05","hour":"08","minutes":"05","seconds":"00"},"end_date":"2025-03-05 13:30:00","end_date_details":{"year":"2025","month":"03","day":"05","hour":"13","minutes":"30","seconds":"00"},"utc_start_date":"2025-03-05 11:05:00","utc_start_date_details":{"year":"2025","month":"03","day":"05","hour":"11","minutes":"05","seconds":"00"},"utc_end_date":"2025-03-05 16:30:00","utc_end_date_details":{"year":"2025","month":"03","day":"05","hour":"16","minutes":"30","seconds":"00"},"timezone":"UTC-3","timezone_abbr":"UTC-3","cost":"","cost_details":{"currency_symbol":"$","currency_code":"USD","currency_position":"prefix","values":[]},"website":"","show_map":true,"show_map_link":true,"hide_from_listings":false,"sticky":true,"featured":true,"categories":[],"tags":[],"venue":[],"organizer":[],"custom_fields":[],"json_ld":{"@context":"http:\/\/schema.org","@type":"Event","name":"First Day 1\u00b0 B\u00e1sico a IV Medio","description":"&lt;p&gt;Con entusiasmo, damos inicio a un nuevo a\u00f1o escolar, donde cada d\u00eda ser\u00e1 una oportunidad para aprender y crecer. Durante la primera semana de clases, el horario de salida para [...]&lt;\/p&gt;\\n","image":"https:\/\/www.sannicolasdemyra.cl\/web\/wp-content\/uploads\/First-Day-1-a-IV-Medio.jpg","url":"https:\/\/www.sannicolasdemyra.cl\/web\/evento\/first-day-1-basico-a-iv-medio\/","eventAttendanceMode":"https:\/\/schema.org\/OfflineEventAttendanceMode","eventStatus":"https:\/\/schema.org\/EventScheduled","startDate":"2025-03-05T08:05:00-03:00","endDate":"2025-03-05T13:30:00-03:00","performer":"Organization"},"ticketed":false}