{"id":27890,"global_id":"www.sannicolasdemyra.cl\/web?id=27890","global_id_lineage":["www.sannicolasdemyra.cl\/web?id=27890"],"author":"8","status":"publish","date":"2026-03-02 16:44:36","date_utc":"2026-03-02 19:44:36","modified":"2026-03-02 16:44:36","modified_utc":"2026-03-02 19:44:36","url":"https:\/\/www.sannicolasdemyra.cl\/web\/evento\/first-day-1-basico-a-iv-medio-2\/","rest_url":"https:\/\/www.sannicolasdemyra.cl\/web\/wp-json\/tribe\/events\/v1\/events\/27890","title":"First Day 1\u00b0 B\u00e1sico a IV Medio","description":"<p><b>El mi\u00e9rcoles 4 de marzo<\/b> es el primer d\u00eda de clases para <b>1\u00b0 B\u00e1sico a IV Medio<\/b>; durante esta semana la jornada finalizar\u00e1 a las <b>13:30<\/b> hrs., sin servicio de almuerzo.<\/p>","excerpt":"","slug":"first-day-1-basico-a-iv-medio-2","image":{"url":"https:\/\/www.sannicolasdemyra.cl\/web\/wp-content\/uploads\/First-Day-1-a-IV-Medio.jpg","id":25220,"extension":"jpg","width":400,"height":227,"filesize":25892,"sizes":{"medium":{"width":300,"height":170,"mime-type":"image\/jpeg","filesize":15283,"url":"https:\/\/www.sannicolasdemyra.cl\/web\/wp-content\/uploads\/First-Day-1-a-IV-Medio-300x170.jpg"},"thumbnail":{"width":150,"height":150,"mime-type":"image\/jpeg","filesize":7880,"url":"https:\/\/www.sannicolasdemyra.cl\/web\/wp-content\/uploads\/First-Day-1-a-IV-Medio-150x150.jpg"}}},"all_day":false,"start_date":"2026-03-04 08:00:00","start_date_details":{"year":"2026","month":"03","day":"04","hour":"08","minutes":"00","seconds":"00"},"end_date":"2026-03-04 13:30:00","end_date_details":{"year":"2026","month":"03","day":"04","hour":"13","minutes":"30","seconds":"00"},"utc_start_date":"2026-03-04 11:00:00","utc_start_date_details":{"year":"2026","month":"03","day":"04","hour":"11","minutes":"00","seconds":"00"},"utc_end_date":"2026-03-04 16:30:00","utc_end_date_details":{"year":"2026","month":"03","day":"04","hour":"16","minutes":"30","seconds":"00"},"timezone":"America\/Santiago","timezone_abbr":"SMT","cost":"","cost_details":{"currency_symbol":"","currency_code":"","currency_position":"","values":[]},"website":"","show_map":true,"show_map_link":true,"hide_from_listings":false,"sticky":true,"featured":true,"categories":[],"tags":[],"venue":[],"organizer":[],"custom_fields":[],"json_ld":{"@context":"http:\/\/schema.org","@type":"Event","name":"First Day 1\u00b0 B\u00e1sico a IV Medio","description":"&lt;p&gt;El mi\u00e9rcoles 4 de marzo es el primer d\u00eda de clases para 1\u00b0 B\u00e1sico a IV Medio; durante esta semana la jornada finalizar\u00e1 a las 13:30 hrs., sin servicio de [...]&lt;\/p&gt;\\n","image":"https:\/\/www.sannicolasdemyra.cl\/web\/wp-content\/uploads\/First-Day-1-a-IV-Medio.jpg","url":"https:\/\/www.sannicolasdemyra.cl\/web\/evento\/first-day-1-basico-a-iv-medio-2\/","eventAttendanceMode":"https:\/\/schema.org\/OfflineEventAttendanceMode","eventStatus":"https:\/\/schema.org\/EventScheduled","startDate":"2026-03-04T08:00:00-03:00","endDate":"2026-03-04T13:30:00-03:00","performer":"Organization"},"ticketed":false}