{"id":22075,"date":"2024-03-12T11:12:00","date_gmt":"2024-03-12T14:12:00","guid":{"rendered":"https:\/\/www.sannicolasdemyra.cl\/web\/?p=22075"},"modified":"2024-04-16T11:15:13","modified_gmt":"2024-04-16T14:15:13","slug":"first-day-of-school","status":"publish","type":"post","link":"https:\/\/www.sannicolasdemyra.cl\/web\/first-day-of-school\/","title":{"rendered":"First Day of School"},"content":{"rendered":"\n<figure class=\"wp-block-image aligncenter size-large\"><img decoding=\"async\" src=\"https:\/\/www.sannicolasdemyra.cl\/web\/wp-content\/uploads\/1-copia-1024x830.png\" alt=\"\" class=\"wp-image-22035\"\/><\/figure>\n\n\n\n<p>El 5 y 6 de marzo fue el turno de iniciar el a\u00f1o escolar para nuestros alumnos. Los m\u00e1s peque\u00f1os del colegio son los primeros del San Nicol\u00e1s en iniciar un nuevo a\u00f1o. Algunos llegan desde muy temprano, curiosos y expectantes de conocer sus nuevas salas, nuevos compa\u00f1eros y nuevas misses; otros llegan corriendo junto a sus pap\u00e1s y mam\u00e1s con alegr\u00eda y emoci\u00f3n de iniciar un nuevo a\u00f1o, para vivir nuevas experiencias y aprender nuevos juegos, canciones y rutinas.<\/p>\n\n\n\n<p>El segundo d\u00eda, fue el turno de nuestros estudiantes de 1\u00b0 B\u00e1sico a IV Medio. Fue un d\u00eda lleno de alegr\u00eda y emoci\u00f3n para nuestra Comunidad Nicolasiana. Iniciamos este a\u00f1o escolar con dos asambleas informativas, en donde la Directiva del San Nicol\u00e1s le dio la bienvenida a todos los estudiantes e informaron sobre algunas novedades de este a\u00f1o.<\/p>\n\n\n\n<p>Nuestros estudiantes recorrieron nuevos espacios del colegio, como el nuevo patio de juegos o el renovado sector del kiosco, y tuvieron un d\u00eda incre\u00edble y \u00a1lleno de reencuentros!<\/p>\n\n\n\n\n\n\n","protected":false},"excerpt":{"rendered":"<p>Iniciamos un nuevo a\u00f1o escolar \u00a1lleno de novedades y reencuentros!<\/p>\n","protected":false},"author":1,"featured_media":0,"comment_status":"closed","ping_status":"closed","sticky":false,"template":"","format":"standard","meta":{"_price":"","_stock":"","_tribe_ticket_header":"","_tribe_default_ticket_provider":"","_tribe_ticket_capacity":"0","_ticket_start_date":"","_ticket_end_date":"","_tribe_ticket_show_description":"","_tribe_ticket_show_not_going":false,"_tribe_ticket_use_global_stock":"","_tribe_ticket_global_stock_level":"","_global_stock_mode":"","_global_stock_cap":"","_tribe_rsvp_for_event":"","_tribe_ticket_going_count":"","_tribe_ticket_not_going_count":"","_tribe_tickets_list":"[]","_tribe_ticket_has_attendee_info_fields":false,"footnotes":""},"categories":[1],"tags":[],"class_list":["post-22075","post","type-post","status-publish","format-standard","hentry","category-noticias"],"_links":{"self":[{"href":"https:\/\/www.sannicolasdemyra.cl\/web\/wp-json\/wp\/v2\/posts\/22075","targetHints":{"allow":["GET"]}}],"collection":[{"href":"https:\/\/www.sannicolasdemyra.cl\/web\/wp-json\/wp\/v2\/posts"}],"about":[{"href":"https:\/\/www.sannicolasdemyra.cl\/web\/wp-json\/wp\/v2\/types\/post"}],"author":[{"embeddable":true,"href":"https:\/\/www.sannicolasdemyra.cl\/web\/wp-json\/wp\/v2\/users\/1"}],"replies":[{"embeddable":true,"href":"https:\/\/www.sannicolasdemyra.cl\/web\/wp-json\/wp\/v2\/comments?post=22075"}],"version-history":[{"count":0,"href":"https:\/\/www.sannicolasdemyra.cl\/web\/wp-json\/wp\/v2\/posts\/22075\/revisions"}],"wp:attachment":[{"href":"https:\/\/www.sannicolasdemyra.cl\/web\/wp-json\/wp\/v2\/media?parent=22075"}],"wp:term":[{"taxonomy":"category","embeddable":true,"href":"https:\/\/www.sannicolasdemyra.cl\/web\/wp-json\/wp\/v2\/categories?post=22075"},{"taxonomy":"post_tag","embeddable":true,"href":"https:\/\/www.sannicolasdemyra.cl\/web\/wp-json\/wp\/v2\/tags?post=22075"}],"curies":[{"name":"wp","href":"https:\/\/api.w.org\/{rel}","templated":true}]}}