{"id":23468,"date":"2024-10-14T16:09:42","date_gmt":"2024-10-14T19:09:42","guid":{"rendered":"https:\/\/www.sannicolasdemyra.cl\/web\/?p=23468"},"modified":"2024-10-22T22:31:08","modified_gmt":"2024-10-23T01:31:08","slug":"intercambio-buenos-aires-2","status":"publish","type":"post","link":"https:\/\/www.sannicolasdemyra.cl\/web\/intercambio-buenos-aires-2\/","title":{"rendered":"Buenos Aires Exchange Programme"},"content":{"rendered":"<div class=\"row\"  id=\"row-263730761\">\n\n\t<div id=\"col-160036771\" class=\"col medium-8 small-12 large-8\"  >\n\t\t\t\t<div class=\"col-inner text-left\"  >\n\t\t\t\n\t\t\t\n\t<div id=\"text-3611134909\" class=\"text\">\n\t\t\n<h1 class=\"uppercase\" style=\"margin-bottom: 0px; text-align: left;\"><span style=\"font-size: 120%;\">Buenos aires exchange programme<\/span><\/h1>\n<p>Durante el 2024, el Colegio inaugurar\u00f3 un nuevo programa de intercambio cultural con<strong> Farmingdale College de Argentina<\/strong>.<\/p>\n\t\t\n<style>\n#text-3611134909 {\n  text-align: left;\n}\n<\/style>\n\t<\/div>\n\t\n\t<div class=\"img has-hover x md-x lg-x y md-y lg-y\" id=\"image_367114552\">\n\t\t\t\t\t\t\t\t<div class=\"img-inner dark\" >\n\t\t\t<img loading=\"lazy\" decoding=\"async\" width=\"800\" height=\"450\" src=\"https:\/\/www.sannicolasdemyra.cl\/web\/wp-content\/uploads\/Buenos-Aires-Exchange-Programe.jpg\" class=\"attachment-original size-original\" alt=\"intercambio en aeropuerto\" srcset=\"https:\/\/www.sannicolasdemyra.cl\/web\/wp-content\/uploads\/Buenos-Aires-Exchange-Programe.jpg 800w, https:\/\/www.sannicolasdemyra.cl\/web\/wp-content\/uploads\/Buenos-Aires-Exchange-Programe-300x169.jpg 300w, https:\/\/www.sannicolasdemyra.cl\/web\/wp-content\/uploads\/Buenos-Aires-Exchange-Programe-768x432.jpg 768w\" sizes=\"auto, (max-width: 800px) 100vw, 800px\" \/>\t\t\t\t\t\t\n\t\t\t\t\t<\/div>\n\t\t\t\t\t\t\t\t\n<style>\n#image_367114552 {\n  width: 100%;\n}\n<\/style>\n\t<\/div>\n\t\n\t<div id=\"text-1659170069\" class=\"text\">\n\t\t\n<p>Este acuerdo, formalizado mediante un Memorandum of Understanding (MoU), permite que estudiantes de 7\u00ba y 8\u00ba B\u00e1sico vivan una experiencia de inmersi\u00f3n cultural durante diez d\u00edas en Argentina.<\/p>\n<p>Este intercambio busca no solo mejorar las habilidades ling\u00fc\u00edsticas de los estudiantes, sino tambi\u00e9n fomentar la empat\u00eda, la tolerancia y el respeto hacia otras culturas desde temprana edad. Los participantes tendr\u00e1n la oportunidad de conocer de cerca la vida escolar y la cultura de nuestros vecinos, enriqueciendo su perspectiva global y fortaleciendo los lazos entre ambas instituciones.<\/p>\n\t\t\n<style>\n#text-1659170069 {\n  text-align: left;\n}\n<\/style>\n\t<\/div>\n\t\n\t\t<\/div>\n\t\t\t\t\t<\/div>\n\n\t\n\n\t<div id=\"col-1857289263\" class=\"col medium-4 small-12 large-4\"  >\n\t\t\t\t<div class=\"col-inner dark\" style=\"background-color:#03263d;\" >\n\t\t\t\n\t\t\t\n\t<div class=\"img has-hover x md-x lg-x y md-y lg-y\" id=\"image_1824973212\">\n\t\t\t\t\t\t\t\t<div class=\"img-inner dark\" >\n\t\t\t<img loading=\"lazy\" decoding=\"async\" width=\"600\" height=\"400\" src=\"https:\/\/www.sannicolasdemyra.cl\/web\/wp-content\/uploads\/intercambio-argentina-mafalda-colegio.jpg\" class=\"attachment-original size-original\" alt=\"intercambio Buenos Aires\" srcset=\"https:\/\/www.sannicolasdemyra.cl\/web\/wp-content\/uploads\/intercambio-argentina-mafalda-colegio.jpg 600w, https:\/\/www.sannicolasdemyra.cl\/web\/wp-content\/uploads\/intercambio-argentina-mafalda-colegio-300x200.jpg 300w\" sizes=\"auto, (max-width: 600px) 100vw, 600px\" \/>\t\t\t\t\t\t\n\t\t\t\t\t<\/div>\n\t\t\t\t\t\t\t\t\n<style>\n#image_1824973212 {\n  width: 100%;\n}\n<\/style>\n\t<\/div>\n\t\n<h3 class=\"thin-font\">\u00bfPor qu\u00e9 participar en un programa de intercambio?<\/h3>\n<p>Participar en intercambios no solo permite a nuestros estudiantes descubrir nuevos lugares y culturas, sino que tambi\u00e9n fomenta su autonom\u00eda y los ayuda a convertirse en <strong>ciudadanos del mundo<\/strong>, con una visi\u00f3n abierta y preparada para los desaf\u00edos de un entorno global.<\/p>\n\t<div class=\"img has-hover x md-x lg-x y md-y lg-y\" id=\"image_206536403\">\n\t\t\t\t\t\t\t\t<div class=\"img-inner dark\" >\n\t\t\t<img loading=\"lazy\" decoding=\"async\" width=\"300\" height=\"200\" src=\"https:\/\/www.sannicolasdemyra.cl\/web\/wp-content\/uploads\/Buenos-Aires-Intercambio.jpg\" class=\"attachment-original size-original\" alt=\"\" \/>\t\t\t\t\t\t\n\t\t\t\t\t<\/div>\n\t\t\t\t\t\t\t\t\n<style>\n#image_206536403 {\n  width: 100%;\n}\n<\/style>\n\t<\/div>\n\t\n<p class=\"thin-font\">Adem\u00e1s, estas experiencias incentivan su <strong>curiosidad<\/strong>, fomenta la <strong>exploraci\u00f3n<\/strong> y los prepara para enfrentar <strong>nuevos desaf\u00edos<\/strong> con <strong>confianza y determinaci\u00f3n.<\/strong><\/p>\n\t\t<\/div>\n\t\t\t\t\n<style>\n#col-1857289263 > .col-inner {\n  padding: 20px 20px 20px 20px;\n}\n<\/style>\n\t<\/div>\n\n\t\n<\/div>\n","protected":false},"excerpt":{"rendered":"","protected":false},"author":1,"featured_media":22763,"comment_status":"closed","ping_status":"closed","sticky":false,"template":"","format":"standard","meta":{"_price":"","_stock":"","_tribe_ticket_header":"","_tribe_default_ticket_provider":"","_tribe_ticket_capacity":"0","_ticket_start_date":"","_ticket_end_date":"","_tribe_ticket_show_description":"","_tribe_ticket_show_not_going":false,"_tribe_ticket_use_global_stock":"","_tribe_ticket_global_stock_level":"","_global_stock_mode":"","_global_stock_cap":"","_tribe_rsvp_for_event":"","_tribe_ticket_going_count":"","_tribe_ticket_not_going_count":"","_tribe_tickets_list":"[]","_tribe_ticket_has_attendee_info_fields":false,"footnotes":""},"categories":[152],"tags":[],"class_list":["post-23468","post","type-post","status-publish","format-standard","has-post-thumbnail","hentry","category-infraestructura-jardin-infantil"],"_links":{"self":[{"href":"https:\/\/www.sannicolasdemyra.cl\/web\/wp-json\/wp\/v2\/posts\/23468","targetHints":{"allow":["GET"]}}],"collection":[{"href":"https:\/\/www.sannicolasdemyra.cl\/web\/wp-json\/wp\/v2\/posts"}],"about":[{"href":"https:\/\/www.sannicolasdemyra.cl\/web\/wp-json\/wp\/v2\/types\/post"}],"author":[{"embeddable":true,"href":"https:\/\/www.sannicolasdemyra.cl\/web\/wp-json\/wp\/v2\/users\/1"}],"replies":[{"embeddable":true,"href":"https:\/\/www.sannicolasdemyra.cl\/web\/wp-json\/wp\/v2\/comments?post=23468"}],"version-history":[{"count":0,"href":"https:\/\/www.sannicolasdemyra.cl\/web\/wp-json\/wp\/v2\/posts\/23468\/revisions"}],"wp:featuredmedia":[{"embeddable":true,"href":"https:\/\/www.sannicolasdemyra.cl\/web\/wp-json\/wp\/v2\/media\/22763"}],"wp:attachment":[{"href":"https:\/\/www.sannicolasdemyra.cl\/web\/wp-json\/wp\/v2\/media?parent=23468"}],"wp:term":[{"taxonomy":"category","embeddable":true,"href":"https:\/\/www.sannicolasdemyra.cl\/web\/wp-json\/wp\/v2\/categories?post=23468"},{"taxonomy":"post_tag","embeddable":true,"href":"https:\/\/www.sannicolasdemyra.cl\/web\/wp-json\/wp\/v2\/tags?post=23468"}],"curies":[{"name":"wp","href":"https:\/\/api.w.org\/{rel}","templated":true}]}}