{"id":26615,"date":"2025-05-30T16:29:36","date_gmt":"2025-05-30T20:29:36","guid":{"rendered":"https:\/\/www.sannicolasdemyra.cl\/web\/?p=26615"},"modified":"2025-06-02T08:30:14","modified_gmt":"2025-06-02T12:30:14","slug":"asi-vivimos-mayo","status":"publish","type":"post","link":"https:\/\/www.sannicolasdemyra.cl\/web\/asi-vivimos-mayo\/","title":{"rendered":"As\u00ed vivimos mayo"},"content":{"rendered":"<div class=\"row\"  id=\"row-87702329\">\n\n\t<div id=\"col-1505869655\" class=\"col medium-8 small-12 large-8\"  >\n\t\t\t\t<div class=\"col-inner text-left\"  >\n\t\t\t\n\t\t\t\n\t<div id=\"text-3182749875\" class=\"text\">\n\t\t\n<p><strong>Un mes lleno de experiencias, aprendizajes y comunidad<\/strong><\/p>\n<p><span style=\"font-weight: 400;\">Mayo estuvo cargado de momentos especiales que reforzaron el aprendizaje, la convivencia y el compromiso de toda nuestra comunidad. Estudiantes, docentes y familias fueron protagonistas de experiencias que queremos revivir contigo. Aqu\u00ed, lo m\u00e1s destacado por nivel:<\/span><br \/>\n\t\t\n<style>\n#text-3182749875 {\n  text-align: left;\n}\n<\/style>\n\t<\/div>\n\t\n<div class=\"row\"  id=\"row-2079038345\">\n\n\t<div id=\"col-214751485\" class=\"col medium-4 small-12 large-4\"  >\n\t\t\t\t<div class=\"col-inner\"  >\n\t\t\t\n\t\t\t\n\t<div class=\"box has-hover   has-hover box-text-bottom\" >\n\n\t\t<div class=\"box-image\" >\n\t\t\t\t\t\t<div class=\"\" >\n\t\t\t\t<img loading=\"lazy\" decoding=\"async\" width=\"600\" height=\"405\" src=\"https:\/\/www.sannicolasdemyra.cl\/web\/wp-content\/uploads\/Mes-del-MAR-Exploracion-2-2.png\" class=\"attachment- size-\" alt=\"una miss en el mes del mar lee un cuento muy entretenido\" srcset=\"https:\/\/www.sannicolasdemyra.cl\/web\/wp-content\/uploads\/Mes-del-MAR-Exploracion-2-2.png 600w, https:\/\/www.sannicolasdemyra.cl\/web\/wp-content\/uploads\/Mes-del-MAR-Exploracion-2-2-300x203.png 300w\" sizes=\"auto, (max-width: 600px) 100vw, 600px\" \/>\t\t\t\t\t\t\t\t\t\t\t<\/div>\n\t\t\t\t\t<\/div>\n\n\t\t<div class=\"box-text text-center\" >\n\t\t\t<div class=\"box-text-inner\">\n\t\t\t\t\n<h4>Mes del Mar<\/h4>\n<p>Preschool, explor\u00f3, aprendi\u00f3 y se divirti\u00f3 con esta unidad.<\/p>\n\t\t\t<\/div>\n\t\t<\/div>\n\t<\/div>\n\t\n\t\t<\/div>\n\t\t\t\t\t<\/div>\n\n\t\n\n\t<div id=\"col-2109508343\" class=\"col medium-4 small-12 large-4\"  >\n\t\t\t\t<div class=\"col-inner\"  >\n\t\t\t\n\t\t\t\n\t<div class=\"box has-hover   has-hover box-text-bottom\" >\n\n\t\t<div class=\"box-image\" >\n\t\t\t<a href=\"https:\/\/www.instagram.com\/reel\/DJmnQqvRezL\/?utm_source=ig_web_copy_link&#038;igsh=MzRlODBiNWFlZA==\" target=\"_blank\" rel=\"noopener\" >\t\t\t<div class=\"\" >\n\t\t\t\t<img loading=\"lazy\" decoding=\"async\" width=\"600\" height=\"405\" src=\"https:\/\/www.sannicolasdemyra.cl\/web\/wp-content\/uploads\/Sana-Convivencia-RIE-2.png\" class=\"attachment- size-\" alt=\"El colegio San Nicolas de myra es muy importante la sana convivencia\" srcset=\"https:\/\/www.sannicolasdemyra.cl\/web\/wp-content\/uploads\/Sana-Convivencia-RIE-2.png 600w, https:\/\/www.sannicolasdemyra.cl\/web\/wp-content\/uploads\/Sana-Convivencia-RIE-2-300x203.png 300w\" sizes=\"auto, (max-width: 600px) 100vw, 600px\" \/>\t\t\t\t\t\t\t\t\t\t\t<\/div>\n\t\t\t<\/a>\t\t<\/div>\n\n\t\t<div class=\"box-text text-center\" >\n\t\t\t<div class=\"box-text-inner\">\n\t\t\t\t\n<h4>R.I.E.<\/h4>\n<p>Semana de la Sana Convivencia<\/p>\n\t\t\t<\/div>\n\t\t<\/div>\n\t<\/div>\n\t\n\t\t<\/div>\n\t\t\t\t\t<\/div>\n\n\t\n\n\t<div id=\"col-178136822\" class=\"col medium-4 small-12 large-4\"  >\n\t\t\t\t<div class=\"col-inner\"  >\n\t\t\t\n\t\t\t\n\t<div class=\"box has-hover   has-hover box-text-bottom\" >\n\n\t\t<div class=\"box-image\" >\n\t\t\t\t\t\t<div class=\"\" >\n\t\t\t\t<img loading=\"lazy\" decoding=\"async\" width=\"600\" height=\"405\" src=\"https:\/\/www.sannicolasdemyra.cl\/web\/wp-content\/uploads\/BBAA-Exchange-programme-2.png\" class=\"attachment- size-\" alt=\"Alumnos de 7\u00b0 y 8\u00b0 realizan intercambio a Buenos Aires\" srcset=\"https:\/\/www.sannicolasdemyra.cl\/web\/wp-content\/uploads\/BBAA-Exchange-programme-2.png 600w, https:\/\/www.sannicolasdemyra.cl\/web\/wp-content\/uploads\/BBAA-Exchange-programme-2-300x203.png 300w\" sizes=\"auto, (max-width: 600px) 100vw, 600px\" \/>\t\t\t\t\t\t\t\t\t\t\t<\/div>\n\t\t\t\t\t<\/div>\n\n\t\t<div class=\"box-text text-center\" >\n\t\t\t<div class=\"box-text-inner\">\n\t\t\t\t\n<h4>Buenos Aires Exchange<\/h4>\n<p>7\u00b0 y 8\u00b0 B\u00e1sico vivieron 10 d\u00edas de intercambio<\/p>\n\t\t\t<\/div>\n\t\t<\/div>\n\t<\/div>\n\t\n\t\t<\/div>\n\t\t\t\t\t<\/div>\n\n\t\n<\/div>\n<div class=\"accordion\">\n\t<div id=\"accordion-3883823722\" class=\"accordion-item\">\n\t\t<a id=\"accordion-3883823722-label\" class=\"accordion-title plain\" href=\"#accordion-item-infant-&#038;-junior-level\" aria-expanded=\"false\" aria-controls=\"accordion-3883823722-content\">\n\t\t\t<button class=\"toggle\" aria-label=\"Toggle\"><i class=\"icon-angle-down\" aria-hidden=\"true\"><\/i><\/button>\n\t\t\t<span>Infant &amp; Junior Level<\/span>\n\t\t<\/a>\n\t\t<div id=\"accordion-3883823722-content\" class=\"accordion-inner\" aria-labelledby=\"accordion-3883823722-label\">\n\t\t\t\n<p><span style=\"font-weight: 400;\"><strong>Mes del Mar<\/strong>: Nuestros estudiantes exploraron el oc\u00e9ano a trav\u00e9s de cuentos, arte y juegos.<\/span><\/p>\n<div class=\"row\"  id=\"row-1296194331\">\n\n\t<div id=\"col-1650835698\" class=\"col medium-4 small-12 large-4\"  >\n\t\t\t\t<div class=\"col-inner\"  >\n\t\t\t\n\t\t\t\n\t<div class=\"box has-hover   has-hover box-text-bottom\" >\n\n\t\t<div class=\"box-image\" >\n\t\t\t\t\t\t<div class=\"\" >\n\t\t\t\t<img loading=\"lazy\" decoding=\"async\" width=\"600\" height=\"405\" src=\"https:\/\/www.sannicolasdemyra.cl\/web\/wp-content\/uploads\/Mes-del-MAR-Exploracion-1.png\" class=\"attachment- size-\" alt=\"Experimentando y reconociendo un pulpo en el mes del mar\" srcset=\"https:\/\/www.sannicolasdemyra.cl\/web\/wp-content\/uploads\/Mes-del-MAR-Exploracion-1.png 600w, https:\/\/www.sannicolasdemyra.cl\/web\/wp-content\/uploads\/Mes-del-MAR-Exploracion-1-300x203.png 300w\" sizes=\"auto, (max-width: 600px) 100vw, 600px\" \/>\t\t\t\t\t\t\t\t\t\t\t<\/div>\n\t\t\t\t\t<\/div>\n\n\t\t<div class=\"box-text text-center\" >\n\t\t\t<div class=\"box-text-inner\">\n\t\t\t\t\n<h4>Explorando<\/h4>\n\t\t\t<\/div>\n\t\t<\/div>\n\t<\/div>\n\t\n\t\t<\/div>\n\t\t\t\t\t<\/div>\n\n\t\n\n\t<div id=\"col-1313423986\" class=\"col medium-4 small-12 large-4\"  >\n\t\t\t\t<div class=\"col-inner\"  >\n\t\t\t\n\t\t\t\n\t<div class=\"box has-hover   has-hover box-text-bottom\" >\n\n\t\t<div class=\"box-image\" >\n\t\t\t\t\t\t<div class=\"\" >\n\t\t\t\t<img loading=\"lazy\" decoding=\"async\" width=\"600\" height=\"405\" src=\"https:\/\/www.sannicolasdemyra.cl\/web\/wp-content\/uploads\/Mes-del-MAR-Arturo-Prat-1.png\" class=\"attachment- size-\" alt=\"celebraron en el jard\u00edn infantil el mes del mar\" srcset=\"https:\/\/www.sannicolasdemyra.cl\/web\/wp-content\/uploads\/Mes-del-MAR-Arturo-Prat-1.png 600w, https:\/\/www.sannicolasdemyra.cl\/web\/wp-content\/uploads\/Mes-del-MAR-Arturo-Prat-1-300x203.png 300w\" sizes=\"auto, (max-width: 600px) 100vw, 600px\" \/>\t\t\t\t\t\t\t\t\t\t\t<\/div>\n\t\t\t\t\t<\/div>\n\n\t\t<div class=\"box-text text-center\" >\n\t\t\t<div class=\"box-text-inner\">\n\t\t\t\t\n<h4>Glorias Navales<\/h4>\n\t\t\t<\/div>\n\t\t<\/div>\n\t<\/div>\n\t\n\t\t<\/div>\n\t\t\t\t\t<\/div>\n\n\t\n\n\t<div id=\"col-879812789\" class=\"col medium-4 small-12 large-4\"  >\n\t\t\t\t<div class=\"col-inner\"  >\n\t\t\t\n\t\t\t\n\t<div class=\"box has-hover   has-hover box-text-bottom\" >\n\n\t\t<div class=\"box-image\" >\n\t\t\t\t\t\t<div class=\"\" >\n\t\t\t\t<img loading=\"lazy\" decoding=\"async\" width=\"600\" height=\"405\" src=\"https:\/\/www.sannicolasdemyra.cl\/web\/wp-content\/uploads\/Fiesta-submarina-1.png\" class=\"attachment- size-\" alt=\"para celebrar el mes del. mar hicimos una fiesta submarina\" srcset=\"https:\/\/www.sannicolasdemyra.cl\/web\/wp-content\/uploads\/Fiesta-submarina-1.png 600w, https:\/\/www.sannicolasdemyra.cl\/web\/wp-content\/uploads\/Fiesta-submarina-1-300x203.png 300w\" sizes=\"auto, (max-width: 600px) 100vw, 600px\" \/>\t\t\t\t\t\t\t\t\t\t\t<\/div>\n\t\t\t\t\t<\/div>\n\n\t\t<div class=\"box-text text-center\" >\n\t\t\t<div class=\"box-text-inner\">\n\t\t\t\t\n<h4>Fiesta Submarina<\/h4>\n\t\t\t<\/div>\n\t\t<\/div>\n\t<\/div>\n\t\n\t\t<\/div>\n\t\t\t\t\t<\/div>\n\n\t\n<\/div>\n<p><span style=\"font-weight: 400;\">\u00a0<strong>Once Upon a Time:<\/strong> Mam\u00e1s y pap\u00e1s de 1\u00b0 B\u00e1sico compartieron sus cuentos favoritos en momentos llenos de magia lectora.<\/span><\/p>\n<div class=\"row\"  id=\"row-1887288839\">\n\n\t<div id=\"col-2125886574\" class=\"col medium-6 small-12 large-6\"  >\n\t\t\t\t<div class=\"col-inner\"  >\n\t\t\t\n\t\t\t\n\t<div class=\"img has-hover x md-x lg-x y md-y lg-y\" id=\"image_1942350751\">\n\t\t\t\t\t\t\t\t<div class=\"img-inner dark\" >\n\t\t\t<img loading=\"lazy\" decoding=\"async\" width=\"600\" height=\"405\" src=\"https:\/\/www.sannicolasdemyra.cl\/web\/wp-content\/uploads\/Hora-de-leer-un-cuento-1.png\" class=\"attachment-large size-large\" alt=\"pap\u00e1s que vienen a leer cuentos en el colegio\" srcset=\"https:\/\/www.sannicolasdemyra.cl\/web\/wp-content\/uploads\/Hora-de-leer-un-cuento-1.png 600w, https:\/\/www.sannicolasdemyra.cl\/web\/wp-content\/uploads\/Hora-de-leer-un-cuento-1-300x203.png 300w\" sizes=\"auto, (max-width: 600px) 100vw, 600px\" \/>\t\t\t\t\t\t\n\t\t\t\t\t<\/div>\n\t\t\t\t\t\t\t\t\n<style>\n#image_1942350751 {\n  width: 100%;\n}\n<\/style>\n\t<\/div>\n\t\n\t\t<\/div>\n\t\t\t\t\t<\/div>\n\n\t\n\n\t<div id=\"col-1766093374\" class=\"col medium-6 small-12 large-6\"  >\n\t\t\t\t<div class=\"col-inner\"  >\n\t\t\t\n\t\t\t\n\t<div class=\"img has-hover x md-x lg-x y md-y lg-y\" id=\"image_760402318\">\n\t\t\t\t\t\t\t\t<div class=\"img-inner dark\" >\n\t\t\t<img loading=\"lazy\" decoding=\"async\" width=\"600\" height=\"405\" src=\"https:\/\/www.sannicolasdemyra.cl\/web\/wp-content\/uploads\/Once-Upon-a-Time-1.png\" class=\"attachment-large size-large\" alt=\"En Mayo vinieron apoderados a contar cuentos\" srcset=\"https:\/\/www.sannicolasdemyra.cl\/web\/wp-content\/uploads\/Once-Upon-a-Time-1.png 600w, https:\/\/www.sannicolasdemyra.cl\/web\/wp-content\/uploads\/Once-Upon-a-Time-1-300x203.png 300w\" sizes=\"auto, (max-width: 600px) 100vw, 600px\" \/>\t\t\t\t\t\t\n\t\t\t\t\t<\/div>\n\t\t\t\t\t\t\t\t\n<style>\n#image_760402318 {\n  width: 100%;\n}\n<\/style>\n\t<\/div>\n\t\n\t\t<\/div>\n\t\t\t\t\t<\/div>\n\n\t\n<\/div>\n<p><span style=\"font-weight: 400;\"><strong>Coming up in June:<\/strong><br \/>\nEn junio, Infant conocer\u00e1 la granja, Prekinder explorar\u00e1 el mundo animal y K\u00ednder viajar\u00e1 por el mundo&#8230; \u00a1y todos nos preparamos para el <strong>Family Day<\/strong>!<\/span><\/p>\n\t\t<\/div>\n\t<\/div>\n\t\n\t<div id=\"accordion-3348423121\" class=\"accordion-item\">\n\t\t<a id=\"accordion-3348423121-label\" class=\"accordion-title plain\" href=\"#accordion-item-middle-level\" aria-expanded=\"false\" aria-controls=\"accordion-3348423121-content\">\n\t\t\t<button class=\"toggle\" aria-label=\"Toggle\"><i class=\"icon-angle-down\" aria-hidden=\"true\"><\/i><\/button>\n\t\t\t<span>Middle Level<\/span>\n\t\t<\/a>\n\t\t<div id=\"accordion-3348423121-content\" class=\"accordion-inner\" aria-labelledby=\"accordion-3348423121-label\">\n\t\t\t\n<p><span style=\"font-weight: 400;\"><strong>Entrega de Biblias\u00a04\u00b0 B\u00e1sico:<\/strong><br \/>\nUn momento emotivo que marca un hito en su camino escolar.<\/span><\/p>\n<div class=\"row\"  id=\"row-799606124\">\n\n\t<div id=\"col-955048550\" class=\"col medium-4 small-12 large-4\"  >\n\t\t\t\t<div class=\"col-inner\"  >\n\t\t\t\n\t\t\t\n\t<div class=\"img has-hover x md-x lg-x y md-y lg-y\" id=\"image_1254084100\">\n\t\t\t\t\t\t\t\t<div class=\"img-inner dark\" >\n\t\t\t<img loading=\"lazy\" decoding=\"async\" width=\"600\" height=\"405\" src=\"https:\/\/www.sannicolasdemyra.cl\/web\/wp-content\/uploads\/32-1.png\" class=\"attachment-large size-large\" alt=\"Entrega de Biblias en el colegio\" srcset=\"https:\/\/www.sannicolasdemyra.cl\/web\/wp-content\/uploads\/32-1.png 600w, https:\/\/www.sannicolasdemyra.cl\/web\/wp-content\/uploads\/32-1-300x203.png 300w\" sizes=\"auto, (max-width: 600px) 100vw, 600px\" \/>\t\t\t\t\t\t\n\t\t\t\t\t<\/div>\n\t\t\t\t\t\t\t\t\n<style>\n#image_1254084100 {\n  width: 100%;\n}\n<\/style>\n\t<\/div>\n\t\n\t\t<\/div>\n\t\t\t\t\t<\/div>\n\n\t\n\n\t<div id=\"col-1236037447\" class=\"col medium-4 small-12 large-4\"  >\n\t\t\t\t<div class=\"col-inner\"  >\n\t\t\t\n\t\t\t\n\t<div class=\"img has-hover x md-x lg-x y md-y lg-y\" id=\"image_1956993970\">\n\t\t\t\t\t\t\t\t<div class=\"img-inner dark\" >\n\t\t\t<img loading=\"lazy\" decoding=\"async\" width=\"600\" height=\"405\" src=\"https:\/\/www.sannicolasdemyra.cl\/web\/wp-content\/uploads\/31-1.png\" class=\"attachment-large size-large\" alt=\"Lectura en la entrega de biblias en los chicos de 4 b\u00e1sico\" srcset=\"https:\/\/www.sannicolasdemyra.cl\/web\/wp-content\/uploads\/31-1.png 600w, https:\/\/www.sannicolasdemyra.cl\/web\/wp-content\/uploads\/31-1-300x203.png 300w\" sizes=\"auto, (max-width: 600px) 100vw, 600px\" \/>\t\t\t\t\t\t\n\t\t\t\t\t<\/div>\n\t\t\t\t\t\t\t\t\n<style>\n#image_1956993970 {\n  width: 100%;\n}\n<\/style>\n\t<\/div>\n\t\n\t\t<\/div>\n\t\t\t\t\t<\/div>\n\n\t\n\n\t<div id=\"col-1698844362\" class=\"col medium-4 small-12 large-4\"  >\n\t\t\t\t<div class=\"col-inner\"  >\n\t\t\t\n\t\t\t\n\t<div class=\"img has-hover x md-x lg-x y md-y lg-y\" id=\"image_1802510787\">\n\t\t\t\t\t\t\t\t<div class=\"img-inner dark\" >\n\t\t\t<img loading=\"lazy\" decoding=\"async\" width=\"600\" height=\"405\" src=\"https:\/\/www.sannicolasdemyra.cl\/web\/wp-content\/uploads\/30-1.png\" class=\"attachment-large size-large\" alt=\"Los apoderados acompa\u00f1an a sus hijos en la entrega de Biblias\" srcset=\"https:\/\/www.sannicolasdemyra.cl\/web\/wp-content\/uploads\/30-1.png 600w, https:\/\/www.sannicolasdemyra.cl\/web\/wp-content\/uploads\/30-1-300x203.png 300w\" sizes=\"auto, (max-width: 600px) 100vw, 600px\" \/>\t\t\t\t\t\t\n\t\t\t\t\t<\/div>\n\t\t\t\t\t\t\t\t\n<style>\n#image_1802510787 {\n  width: 100%;\n}\n<\/style>\n\t<\/div>\n\t\n\t\t<\/div>\n\t\t\t\t\t<\/div>\n\n\t\n<\/div>\n<p><span style=\"font-weight: 400;\"><strong>Steam Fair 3\u00b0 y 4\u00b0:<\/strong><br \/>\nCiencia, arte, matem\u00e1tica y tecnolog\u00eda se unieron en una feria llena de creatividad.<\/span><\/p>\n<div class=\"row\"  id=\"row-2130203998\">\n\n\t<div id=\"col-15004778\" class=\"col medium-4 small-12 large-4\"  >\n\t\t\t\t<div class=\"col-inner\"  >\n\t\t\t\n\t\t\t\n\t<div class=\"img has-hover x md-x lg-x y md-y lg-y\" id=\"image_327645864\">\n\t\t\t\t\t\t\t\t<div class=\"img-inner dark\" >\n\t\t\t<img loading=\"lazy\" decoding=\"async\" width=\"600\" height=\"405\" src=\"https:\/\/www.sannicolasdemyra.cl\/web\/wp-content\/uploads\/STEAM-FAIR-apoderados-1.png\" class=\"attachment-large size-large\" alt=\"Los apoderados participan de la Feria de Ciencias de los ni\u00f1os\" srcset=\"https:\/\/www.sannicolasdemyra.cl\/web\/wp-content\/uploads\/STEAM-FAIR-apoderados-1.png 600w, https:\/\/www.sannicolasdemyra.cl\/web\/wp-content\/uploads\/STEAM-FAIR-apoderados-1-300x203.png 300w\" sizes=\"auto, (max-width: 600px) 100vw, 600px\" \/>\t\t\t\t\t\t\n\t\t\t\t\t<\/div>\n\t\t\t\t\t\t\t\t\n<style>\n#image_327645864 {\n  width: 100%;\n}\n<\/style>\n\t<\/div>\n\t\n\t\t<\/div>\n\t\t\t\t\t<\/div>\n\n\t\n\n\t<div id=\"col-610084883\" class=\"col medium-4 small-12 large-4\"  >\n\t\t\t\t<div class=\"col-inner\"  >\n\t\t\t\n\t\t\t\n\t<div class=\"img has-hover x md-x lg-x y md-y lg-y\" id=\"image_82945740\">\n\t\t\t\t\t\t\t\t<div class=\"img-inner dark\" >\n\t\t\t<img loading=\"lazy\" decoding=\"async\" width=\"600\" height=\"405\" src=\"https:\/\/www.sannicolasdemyra.cl\/web\/wp-content\/uploads\/STEAM-FAIR-1.png\" class=\"attachment-large size-large\" alt=\"Los apoderados vienen al colegio a vivir la feria de ciencias y pensamiento STEAM de los ni\u00f1os y ni\u00f1as\" srcset=\"https:\/\/www.sannicolasdemyra.cl\/web\/wp-content\/uploads\/STEAM-FAIR-1.png 600w, https:\/\/www.sannicolasdemyra.cl\/web\/wp-content\/uploads\/STEAM-FAIR-1-300x203.png 300w\" sizes=\"auto, (max-width: 600px) 100vw, 600px\" \/>\t\t\t\t\t\t\n\t\t\t\t\t<\/div>\n\t\t\t\t\t\t\t\t\n<style>\n#image_82945740 {\n  width: 100%;\n}\n<\/style>\n\t<\/div>\n\t\n\t\t<\/div>\n\t\t\t\t\t<\/div>\n\n\t\n\n\t<div id=\"col-1900720159\" class=\"col medium-4 small-12 large-4\"  >\n\t\t\t\t<div class=\"col-inner\"  >\n\t\t\t\n\t\t\t\n\t<div class=\"img has-hover x md-x lg-x y md-y lg-y\" id=\"image_1871978529\">\n\t\t\t\t\t\t\t\t<div class=\"img-inner dark\" >\n\t\t\t<img loading=\"lazy\" decoding=\"async\" width=\"600\" height=\"405\" src=\"https:\/\/www.sannicolasdemyra.cl\/web\/wp-content\/uploads\/STEAM-FAIR-2.png\" class=\"attachment-large size-large\" alt=\"Los estudiantes practican el publico speaking y exponen ante sus apoderados\" srcset=\"https:\/\/www.sannicolasdemyra.cl\/web\/wp-content\/uploads\/STEAM-FAIR-2.png 600w, https:\/\/www.sannicolasdemyra.cl\/web\/wp-content\/uploads\/STEAM-FAIR-2-300x203.png 300w\" sizes=\"auto, (max-width: 600px) 100vw, 600px\" \/>\t\t\t\t\t\t\n\t\t\t\t\t<\/div>\n\t\t\t\t\t\t\t\t\n<style>\n#image_1871978529 {\n  width: 100%;\n}\n<\/style>\n\t<\/div>\n\t\n\t\t<\/div>\n\t\t\t\t\t<\/div>\n\n\t\n<\/div>\n\t\t<\/div>\n\t<\/div>\n\t\n\t<div id=\"accordion-3840467372\" class=\"accordion-item\">\n\t\t<a id=\"accordion-3840467372-label\" class=\"accordion-title plain\" href=\"#accordion-item-senior-level\" aria-expanded=\"false\" aria-controls=\"accordion-3840467372-content\">\n\t\t\t<button class=\"toggle\" aria-label=\"Toggle\"><i class=\"icon-angle-down\" aria-hidden=\"true\"><\/i><\/button>\n\t\t\t<span>Senior Level<\/span>\n\t\t<\/a>\n\t\t<div id=\"accordion-3840467372-content\" class=\"accordion-inner\" aria-labelledby=\"accordion-3840467372-label\">\n\t\t\t\n<div class=\"row\"  id=\"row-810577149\">\n\n\t<div id=\"col-1002765214\" class=\"col medium-6 small-12 large-6\"  >\n\t\t\t\t<div class=\"col-inner\"  >\n\t\t\t\n\t\t\t\n\t<div class=\"box has-hover   has-hover box-text-bottom\" >\n\n\t\t<div class=\"box-image\" >\n\t\t\t\t\t\t<div class=\"\" >\n\t\t\t\t<img loading=\"lazy\" decoding=\"async\" width=\"600\" height=\"405\" src=\"https:\/\/www.sannicolasdemyra.cl\/web\/wp-content\/uploads\/BBAA-Exchange-1.png\" class=\"attachment- size-\" alt=\"Alumnos de 7\u00b0 y 8\u00b0 realizan intercambio a Buenos Aires\" srcset=\"https:\/\/www.sannicolasdemyra.cl\/web\/wp-content\/uploads\/BBAA-Exchange-1.png 600w, https:\/\/www.sannicolasdemyra.cl\/web\/wp-content\/uploads\/BBAA-Exchange-1-300x203.png 300w\" sizes=\"auto, (max-width: 600px) 100vw, 600px\" \/>\t\t\t\t\t\t\t\t\t\t\t<\/div>\n\t\t\t\t\t<\/div>\n\n\t\t<div class=\"box-text text-center\" >\n\t\t\t<div class=\"box-text-inner\">\n\t\t\t\t\n<h4>Buenos Aires Exchange<\/h4>\n<p><span style=\"font-weight: 400;\">7\u00b0 y 8\u00b0 B\u00e1sico vivieron un intercambio de 10 d\u00edas en el Farmingdale College, en Buenos Aires<\/span><\/p>\n\t\t\t<\/div>\n\t\t<\/div>\n\t<\/div>\n\t\n\t\t<\/div>\n\t\t\t\t\t<\/div>\n\n\t\n\n\t<div id=\"col-1782136423\" class=\"col medium-6 small-12 large-6\"  >\n\t\t\t\t<div class=\"col-inner\"  >\n\t\t\t\n\t\t\t\n\t<div class=\"box has-hover   has-hover box-text-bottom\" >\n\n\t\t<div class=\"box-image\" >\n\t\t\t\t\t\t<div class=\"\" >\n\t\t\t\t<img loading=\"lazy\" decoding=\"async\" width=\"600\" height=\"405\" src=\"https:\/\/www.sannicolasdemyra.cl\/web\/wp-content\/uploads\/Encuentro-Vocacional-1.png\" class=\"attachment- size-\" alt=\"Los alumnos de IV Medio participan en un encuentro vocacional\" srcset=\"https:\/\/www.sannicolasdemyra.cl\/web\/wp-content\/uploads\/Encuentro-Vocacional-1.png 600w, https:\/\/www.sannicolasdemyra.cl\/web\/wp-content\/uploads\/Encuentro-Vocacional-1-300x203.png 300w\" sizes=\"auto, (max-width: 600px) 100vw, 600px\" \/>\t\t\t\t\t\t\t\t\t\t\t<\/div>\n\t\t\t\t\t<\/div>\n\n\t\t<div class=\"box-text text-center\" >\n\t\t\t<div class=\"box-text-inner\">\n\t\t\t\t\n<h4>Encuentro Vocacional IV Medio<\/h4>\n<p><span style=\"font-weight: 400;\">Vivieron una jornada enriquecedora, que los ayud\u00f3 a mirar su futuro con claridad y confianza.<\/span><\/p>\n\t\t\t<\/div>\n\t\t<\/div>\n\t<\/div>\n\t\n\t\t<\/div>\n\t\t\t\t\t<\/div>\n\n\t\n<\/div>\n<div class=\"row\"  id=\"row-1606437969\">\n\n\t<div id=\"col-2077304377\" class=\"col medium-6 small-12 large-6\"  >\n\t\t\t\t<div class=\"col-inner\"  >\n\t\t\t\n\t\t\t\n\t<div class=\"box has-hover   has-hover box-text-bottom\" >\n\n\t\t<div class=\"box-image\" >\n\t\t\t<a href=\"https:\/\/www.instagram.com\/reel\/DJp7BVhxBCe\/?utm_source=ig_web_copy_link&#038;igsh=MzRlODBiNWFlZA==\" target=\"_blank\" rel=\"noopener\" >\t\t\t<div class=\"\" >\n\t\t\t\t<img loading=\"lazy\" decoding=\"async\" width=\"600\" height=\"405\" src=\"https:\/\/www.sannicolasdemyra.cl\/web\/wp-content\/uploads\/Challengers-1.png\" class=\"attachment- size-\" alt=\"Alumnos participan del desaf\u00edo Challengers en la Uandes\" srcset=\"https:\/\/www.sannicolasdemyra.cl\/web\/wp-content\/uploads\/Challengers-1.png 600w, https:\/\/www.sannicolasdemyra.cl\/web\/wp-content\/uploads\/Challengers-1-300x203.png 300w\" sizes=\"auto, (max-width: 600px) 100vw, 600px\" \/>\t\t\t\t\t\t\t\t\t\t\t<\/div>\n\t\t\t<\/a>\t\t<\/div>\n\n\t\t<div class=\"box-text text-center\" >\n\t\t\t<div class=\"box-text-inner\">\n\t\t\t\t\n<h4><a href=\"https:\/\/www.instagram.com\/reel\/DJp7BVhxBCe\/?utm_source=ig_web_copy_link&amp;igsh=MzRlODBiNWFlZA==\" target=\"_blank\" rel=\"noopener\"><strong>Challengers III Medio -UAndes<\/strong><\/a><\/h4>\n<p><span style=\"font-weight: 400;\">Competencia que promueve el emprendimiento e innovaci\u00f3n, resolviendo un problema real y proponi\u00e9ndo una soluci\u00f3n creativa.<\/span><\/p>\n\t\t\t<\/div>\n\t\t<\/div>\n\t<\/div>\n\t\n\t\t<\/div>\n\t\t\t\t\t<\/div>\n\n\t\n\n\t<div id=\"col-1032573455\" class=\"col medium-6 small-12 large-6\"  >\n\t\t\t\t<div class=\"col-inner\"  >\n\t\t\t\n\t\t\t\n\t<div class=\"box has-hover   has-hover box-text-bottom\" >\n\n\t\t<div class=\"box-image\" >\n\t\t\t<a href=\"https:\/\/www.instagram.com\/reel\/DKP7gxdRpGZ\/?utm_source=ig_web_copy_link&#038;igsh=MzRlODBiNWFlZA==\" target=\"_blank\" rel=\"noopener\" >\t\t\t<div class=\"\" >\n\t\t\t\t<img loading=\"lazy\" decoding=\"async\" width=\"600\" height=\"405\" src=\"https:\/\/www.sannicolasdemyra.cl\/web\/wp-content\/uploads\/Teatro-Las-Condes-1.png\" class=\"attachment- size-\" alt=\"Alumnos hacen salida pedagogica a Teatro Municipal de Las Condes\" srcset=\"https:\/\/www.sannicolasdemyra.cl\/web\/wp-content\/uploads\/Teatro-Las-Condes-1.png 600w, https:\/\/www.sannicolasdemyra.cl\/web\/wp-content\/uploads\/Teatro-Las-Condes-1-300x203.png 300w\" sizes=\"auto, (max-width: 600px) 100vw, 600px\" \/>\t\t\t\t\t\t\t\t\t\t\t<\/div>\n\t\t\t<\/a>\t\t<\/div>\n\n\t\t<div class=\"box-text text-center\" >\n\t\t\t<div class=\"box-text-inner\">\n\t\t\t\t\n<h4>Salida con Direcci\u00f3n<\/h4>\n<p><span style=\"font-weight: 400;\">La Directora invit\u00f3 a la Generaci\u00f3n 2025 a disfrutar de un entretenido panorama. Vibraron al ritmo del musical <a href=\"https:\/\/www.instagram.com\/reel\/DKP7gxdRpGZ\/?utm_source=ig_web_copy_link&amp;igsh=MzRlODBiNWFlZA==\" target=\"_blank\" rel=\"noopener\"><strong>\u00abFootloose\u00bb<\/strong><\/a><\/span><\/p>\n\t\t\t<\/div>\n\t\t<\/div>\n\t<\/div>\n\t\n\t\t<\/div>\n\t\t\t\t\t<\/div>\n\n\t\n<\/div>\n\t\t<\/div>\n\t<\/div>\n\t\n<\/div>\n<div class=\"text-center\"><div class=\"is-divider divider clearfix\" style=\"max-width:77px;\"><\/div><\/div>\n<p>Adem\u00e1s, compartimos instancias que hicieron de este mes algo especial.<\/p>\n<div class=\"row\"  id=\"row-1103973671\">\n\n\t<div id=\"col-450781056\" class=\"col medium-4 small-12 large-4\"  >\n\t\t\t\t<div class=\"col-inner\"  >\n\t\t\t\n\t\t\t\n\t<div class=\"box has-hover   has-hover box-text-bottom\" >\n\n\t\t<div class=\"box-image\" >\n\t\t\t<a href=\"https:\/\/www.instagram.com\/reel\/DJmnQqvRezL\/?utm_source=ig_web_copy_link&#038;igsh=MzRlODBiNWFlZA==\" target=\"_blank\" rel=\"noopener\" >\t\t\t<div class=\"\" >\n\t\t\t\t<img loading=\"lazy\" decoding=\"async\" width=\"600\" height=\"405\" src=\"https:\/\/www.sannicolasdemyra.cl\/web\/wp-content\/uploads\/Parents-into-action.png\" class=\"attachment- size-\" alt=\"Padres que vienen a hacer actividades al colegio de Las Condes\" srcset=\"https:\/\/www.sannicolasdemyra.cl\/web\/wp-content\/uploads\/Parents-into-action.png 600w, https:\/\/www.sannicolasdemyra.cl\/web\/wp-content\/uploads\/Parents-into-action-300x203.png 300w\" sizes=\"auto, (max-width: 600px) 100vw, 600px\" \/>\t\t\t\t\t\t\t\t\t\t\t<\/div>\n\t\t\t<\/a>\t\t<\/div>\n\n\t\t<div class=\"box-text text-center\" >\n\t\t\t<div class=\"box-text-inner\">\n\t\t\t\t\n<h4>Campa\u00f1a R.I.E. (Respeta, Incluye, Empatiza)<\/h4>\n<p>Parents into Action.<\/p>\n\t\t\t<\/div>\n\t\t<\/div>\n\t<\/div>\n\t\n\t\t<\/div>\n\t\t\t\t\t<\/div>\n\n\t\n\n\t<div id=\"col-478620728\" class=\"col medium-4 small-12 large-4\"  >\n\t\t\t\t<div class=\"col-inner\"  >\n\t\t\t\n\t\t\t\n\t<div class=\"box has-hover   has-hover box-text-bottom\" >\n\n\t\t<div class=\"box-image\" >\n\t\t\t\t\t\t<div class=\"\" >\n\t\t\t\t<img loading=\"lazy\" decoding=\"async\" width=\"600\" height=\"405\" src=\"https:\/\/www.sannicolasdemyra.cl\/web\/wp-content\/uploads\/Charla-con-Soledad-Garces.png\" class=\"attachment- size-\" alt=\"Charla sobre psicolog\u00eda en el colegio con padres y ni\u00f1os en las condes\" srcset=\"https:\/\/www.sannicolasdemyra.cl\/web\/wp-content\/uploads\/Charla-con-Soledad-Garces.png 600w, https:\/\/www.sannicolasdemyra.cl\/web\/wp-content\/uploads\/Charla-con-Soledad-Garces-300x203.png 300w\" sizes=\"auto, (max-width: 600px) 100vw, 600px\" \/>\t\t\t\t\t\t\t\t\t\t\t<\/div>\n\t\t\t\t\t<\/div>\n\n\t\t<div class=\"box-text text-center\" >\n\t\t\t<div class=\"box-text-inner\">\n\t\t\t\t\n<h4>Charlas sobre Convivencia Digital:<\/h4>\n<p>Con <a href=\"https:\/\/www.instagram.com\/solegarceso\/\" target=\"_blank\" rel=\"noopener\"><strong>Soledad Garc\u00e9s<\/strong><\/a>, para apoderados y estudiantes de 4\u00b0 a 6\u00b0 B\u00e1sico.<\/p>\n\t\t\t<\/div>\n\t\t<\/div>\n\t<\/div>\n\t\n\t\t<\/div>\n\t\t\t\t\t<\/div>\n\n\t\n\n\t<div id=\"col-1497649394\" class=\"col medium-4 small-12 large-4\"  >\n\t\t\t\t<div class=\"col-inner\"  >\n\t\t\t\n\t\t\t\n\t<div class=\"box has-hover   has-hover box-text-bottom\" >\n\n\t\t<div class=\"box-image\" >\n\t\t\t\t\t\t<div class=\"\" >\n\t\t\t\t<img loading=\"lazy\" decoding=\"async\" width=\"600\" height=\"405\" src=\"https:\/\/www.sannicolasdemyra.cl\/web\/wp-content\/uploads\/Carolina-Poe.png\" class=\"attachment- size-\" alt=\"Nutricionista en charla de colegio\" srcset=\"https:\/\/www.sannicolasdemyra.cl\/web\/wp-content\/uploads\/Carolina-Poe.png 600w, https:\/\/www.sannicolasdemyra.cl\/web\/wp-content\/uploads\/Carolina-Poe-300x203.png 300w\" sizes=\"auto, (max-width: 600px) 100vw, 600px\" \/>\t\t\t\t\t\t\t\t\t\t\t<\/div>\n\t\t\t\t\t<\/div>\n\n\t\t<div class=\"box-text text-center\" >\n\t\t\t<div class=\"box-text-inner\">\n\t\t\t\t\n<h4>Charla de Nutrici\u00f3n:<\/h4>\n<p>Con <strong><a href=\"https:\/\/www.instagram.com\/nutricaropye\/\" target=\"_blank\" rel=\"noopener\">Carolina Pye<\/a><\/strong> para 6\u00b0 y 7\u00b0, aprendiendo sobre h\u00e1bitos saludables.<\/p>\n\t\t\t<\/div>\n\t\t<\/div>\n\t<\/div>\n\t\n\t\t<\/div>\n\t\t\t\t\t<\/div>\n\n\t\n<\/div>\n<div class=\"row\"  id=\"row-454019741\">\n\n\t<div id=\"col-1695627288\" class=\"col medium-4 small-12 large-4\"  >\n\t\t\t\t<div class=\"col-inner\"  >\n\t\t\t\n\t\t\t\n\t<div class=\"box has-hover   has-hover box-text-bottom\" >\n\n\t\t<div class=\"box-image\" >\n\t\t\t\t\t\t<div class=\"\" >\n\t\t\t\t<img loading=\"lazy\" decoding=\"async\" width=\"600\" height=\"405\" src=\"https:\/\/www.sannicolasdemyra.cl\/web\/wp-content\/uploads\/Charla.png\" class=\"attachment- size-\" alt=\"charla de apoderados en colegio de San Carlos de Apoquindo\" srcset=\"https:\/\/www.sannicolasdemyra.cl\/web\/wp-content\/uploads\/Charla.png 600w, https:\/\/www.sannicolasdemyra.cl\/web\/wp-content\/uploads\/Charla-300x203.png 300w\" sizes=\"auto, (max-width: 600px) 100vw, 600px\" \/>\t\t\t\t\t\t\t\t\t\t\t<\/div>\n\t\t\t\t\t<\/div>\n\n\t\t<div class=\"box-text text-center\" >\n\t\t\t<div class=\"box-text-inner\">\n\t\t\t\t\n<h4>Talleres Academic Support:<\/h4>\n<p>Desde 5\u00b0 a IV Medio, sobre c\u00f3mo acompa\u00f1ar a nuestros estudiantes en lo acad\u00e9mico y emocional.<\/p>\n\t\t\t<\/div>\n\t\t<\/div>\n\t<\/div>\n\t\n\t\t<\/div>\n\t\t\t\t\t<\/div>\n\n\t\n\n\t<div id=\"col-663514835\" class=\"col medium-4 small-12 large-4\"  >\n\t\t\t\t<div class=\"col-inner\"  >\n\t\t\t\n\t\t\t\n\t<div class=\"box has-hover   has-hover box-text-bottom\" >\n\n\t\t<div class=\"box-image\" >\n\t\t\t\t\t\t<div class=\"\" >\n\t\t\t\t<img loading=\"lazy\" decoding=\"async\" width=\"600\" height=\"405\" src=\"https:\/\/www.sannicolasdemyra.cl\/web\/wp-content\/uploads\/ESU-Contest.png\" class=\"attachment- size-\" alt=\"Reconocimiento de Ingl\u00e9s de ESU Contest en Ingl\u00e9s\" srcset=\"https:\/\/www.sannicolasdemyra.cl\/web\/wp-content\/uploads\/ESU-Contest.png 600w, https:\/\/www.sannicolasdemyra.cl\/web\/wp-content\/uploads\/ESU-Contest-300x203.png 300w\" sizes=\"auto, (max-width: 600px) 100vw, 600px\" \/>\t\t\t\t\t\t\t\t\t\t\t<\/div>\n\t\t\t\t\t<\/div>\n\n\t\t<div class=\"box-text text-center\" >\n\t\t\t<div class=\"box-text-inner\">\n\t\t\t\t\n<h4>Finalista ESU 2025:<\/h4>\n<p>Laura Arias brilla con su historia \u00ab<em>52 cards<\/em>\u00ab<\/p>\n\t\t\t<\/div>\n\t\t<\/div>\n\t<\/div>\n\t\n\t\t<\/div>\n\t\t\t\t\t<\/div>\n\n\t\n\n\t<div id=\"col-1137321121\" class=\"col medium-4 small-12 large-4\"  >\n\t\t\t\t<div class=\"col-inner\"  >\n\t\t\t\n\t\t\t\n\t<div class=\"box has-hover   has-hover box-text-bottom\" >\n\n\t\t<div class=\"box-image\" >\n\t\t\t\t\t\t<div class=\"\" >\n\t\t\t\t<img loading=\"lazy\" decoding=\"async\" width=\"600\" height=\"405\" src=\"https:\/\/www.sannicolasdemyra.cl\/web\/wp-content\/uploads\/Respeto-2.png\" class=\"attachment- size-\" alt=\"Ni\u00f1os celebrado el RESPETO en colegio mixto de Las Condes\" srcset=\"https:\/\/www.sannicolasdemyra.cl\/web\/wp-content\/uploads\/Respeto-2.png 600w, https:\/\/www.sannicolasdemyra.cl\/web\/wp-content\/uploads\/Respeto-2-300x203.png 300w\" sizes=\"auto, (max-width: 600px) 100vw, 600px\" \/>\t\t\t\t\t\t\t\t\t\t\t<\/div>\n\t\t\t\t\t<\/div>\n\n\t\t<div class=\"box-text text-center\" >\n\t\t\t<div class=\"box-text-inner\">\n\t\t\t\t\n<h4><a href=\"https:\/\/www.sannicolasdemyra.cl\/web\/vida-escolar\/sana-convivencia\/\" target=\"_blank\" rel=\"noopener\">Valor del Mes:<\/a><\/h4>\n<p>\u00a1RESPETO!<\/p>\n\t\t\t<\/div>\n\t\t<\/div>\n\t<\/div>\n\t\n\t\t<\/div>\n\t\t\t\t\t<\/div>\n\n\t\n<\/div>\n<h3><span style=\"font-weight: 400;\">Looking Ahead<\/span><\/h3>\n<p><span style=\"font-weight: 400;\">\u00a1No te pierdas lo que junio trae para nuestra comunidad!<\/span><span style=\"font-weight: 400;\"><br \/>\n<\/span><span style=\"font-weight: 400;\"><strong>-English Week<\/strong> en Senior Level<\/span><span style=\"font-weight: 400;\"><br \/>\n<\/span><span style=\"font-weight: 400;\"><strong>-Steam Fair<\/strong> de 5\u00b0 y 6\u00b0 B\u00e1sico<\/span><span style=\"font-weight: 400;\"><br \/>\n<\/span><span style=\"font-weight: 400;\">-Recibimos a la<strong> delegaci\u00f3n de Nueva Zelanda<\/strong><\/span><span style=\"font-weight: 400;\"><br \/>\n<\/span><span style=\"font-weight: 400;\">-\u00a1A prepararse para m\u00e1s deportes y disfrutar de la nieve con el inicio de la <strong>Rama de Ski<\/strong>!<\/span><span style=\"font-weight: 400;\"><br \/>\n<\/span><span style=\"font-weight: 400;\">Y por supuesto&#8230;<strong> \u00a1WINTER HOLIDAYS!<\/strong><\/span><\/p>\n<p><span style=\"font-weight: 400;\">Consulta aqu\u00ed el calendario del pr\u00f3ximo mes:<\/span><\/p>\n<a href=\"https:\/\/www.sannicolasdemyra.cl\/web\/calendario\/\" target=\"_blank\" class=\"button primary is-outline\" rel=\"noopener\" style=\"border-radius:99px;\">\n\t\t<span>School calendar<\/span>\n\t<\/a>\n\n<a href=\"https:\/\/www.sannicolasdemyra.cl\/web\/vida-escolar\/casino\/\" target=\"_blank\" class=\"button primary is-outline\" rel=\"noopener\" style=\"border-radius:99px;\">\n\t\t<span>MENU CASINO<\/span>\n\t<\/a>\n\n\t\t<\/div>\n\t\t\t\t\t<\/div>\n\n\t\n\n\t<div id=\"col-273687113\" class=\"col medium-4 small-12 large-4\"  >\n\t\t\t\t<div class=\"col-inner dark\" style=\"background-color:#03263d;\" >\n\t\t\t\n\t\t\t\n\t<div class=\"img has-hover x md-x lg-x y md-y lg-y\" id=\"image_1661452223\">\n\t\t\t\t\t\t\t\t<div class=\"img-inner dark\" >\n\t\t\t<img loading=\"lazy\" decoding=\"async\" width=\"600\" height=\"405\" src=\"https:\/\/www.sannicolasdemyra.cl\/web\/wp-content\/uploads\/Dia-del-estudiante-JOY-2.png\" class=\"attachment-original size-original\" alt=\"los alumnos disfrutando en el d\u00eda del estudiante\" srcset=\"https:\/\/www.sannicolasdemyra.cl\/web\/wp-content\/uploads\/Dia-del-estudiante-JOY-2.png 600w, https:\/\/www.sannicolasdemyra.cl\/web\/wp-content\/uploads\/Dia-del-estudiante-JOY-2-300x203.png 300w\" sizes=\"auto, (max-width: 600px) 100vw, 600px\" \/>\t\t\t\t\t\t\n\t\t\t\t\t<\/div>\n\t\t\t\t\t\t\t\t\n<style>\n#image_1661452223 {\n  width: 100%;\n}\n<\/style>\n\t<\/div>\n\t\n<p class=\"thin-font\"><span style=\"font-weight: 400;\"><strong>\u00a1D\u00eda del Estudiante!<\/strong><\/span><\/p>\n<p>Un d\u00eda entero dedicado a lo m\u00e1s importante: nuestros estudiantes.<span style=\"font-weight: 400;\"><br \/>\n<\/span><span style=\"font-weight: 400;\">Obras, juegos, m\u00fasica y mucho amor para recordarles cu\u00e1nto los valoramos.<\/span><span style=\"font-weight: 400;\"><br \/>\n<\/span><span style=\"font-weight: 400;\"><br \/>\nPorque verlos felices\u2026 tambi\u00e9n nos hace felices a nosotros.<\/span><\/p>\n<p><a href=\"https:\/\/www.instagram.com\/p\/DJw2aVXRSX9\/?utm_source=ig_web_copy_link&amp;igsh=MzRlODBiNWFlZA==\" target=\"_blank\" rel=\"noopener\"><strong>Revive lo mejor de nuestras celebraciones.<\/strong><\/a><\/p>\n<div class=\"slider-wrapper relative\" id=\"slider-1901012414\" >\n    <div class=\"slider slider-nav-circle slider-nav-large slider-nav-light slider-style-normal\"\n        data-flickity-options='{\n            \"cellAlign\": \"center\",\n            \"imagesLoaded\": true,\n            \"lazyLoad\": 1,\n            \"freeScroll\": false,\n            \"wrapAround\": true,\n            \"autoPlay\": 3000,\n            \"pauseAutoPlayOnHover\" : true,\n            \"prevNextButtons\": true,\n            \"contain\" : true,\n            \"adaptiveHeight\" : true,\n            \"dragThreshold\" : 10,\n            \"percentPosition\": true,\n            \"pageDots\": true,\n            \"rightToLeft\": false,\n            \"draggable\": true,\n            \"selectedAttraction\": 0.1,\n            \"parallax\" : 0,\n            \"friction\": 0.6        }'\n        >\n        \n\t<div class=\"img has-hover x md-x lg-x y md-y lg-y\" id=\"image_1515828142\">\n\t\t\t\t\t\t\t\t<div class=\"img-inner dark\" >\n\t\t\t<img loading=\"lazy\" decoding=\"async\" width=\"600\" height=\"405\" src=\"https:\/\/www.sannicolasdemyra.cl\/web\/wp-content\/uploads\/Dia-del-estudiante-jardin-infantil.png\" class=\"attachment-large size-large\" alt=\"ni\u00f1os jugando en colegio de Las Condes\" srcset=\"https:\/\/www.sannicolasdemyra.cl\/web\/wp-content\/uploads\/Dia-del-estudiante-jardin-infantil.png 600w, https:\/\/www.sannicolasdemyra.cl\/web\/wp-content\/uploads\/Dia-del-estudiante-jardin-infantil-300x203.png 300w\" sizes=\"auto, (max-width: 600px) 100vw, 600px\" \/>\t\t\t\t\t\t\n\t\t\t\t\t<\/div>\n\t\t\t\t\t\t\t\t\n<style>\n#image_1515828142 {\n  width: 100%;\n}\n<\/style>\n\t<\/div>\n\t\n\t<div class=\"img has-hover x md-x lg-x y md-y lg-y\" id=\"image_1165565412\">\n\t\t\t\t\t\t\t\t<div class=\"img-inner dark\" >\n\t\t\t<img loading=\"lazy\" decoding=\"async\" width=\"600\" height=\"405\" src=\"https:\/\/www.sannicolasdemyra.cl\/web\/wp-content\/uploads\/dia-del-estudiante-2.png\" class=\"attachment-large size-large\" alt=\"profesores trabajando en el d\u00eda del estudiante\" srcset=\"https:\/\/www.sannicolasdemyra.cl\/web\/wp-content\/uploads\/dia-del-estudiante-2.png 600w, https:\/\/www.sannicolasdemyra.cl\/web\/wp-content\/uploads\/dia-del-estudiante-2-300x203.png 300w\" sizes=\"auto, (max-width: 600px) 100vw, 600px\" \/>\t\t\t\t\t\t\n\t\t\t\t\t<\/div>\n\t\t\t\t\t\t\t\t\n<style>\n#image_1165565412 {\n  width: 100%;\n}\n<\/style>\n\t<\/div>\n\t\n\t<div class=\"img has-hover x md-x lg-x y md-y lg-y\" id=\"image_1599074159\">\n\t\t\t\t\t\t\t\t<div class=\"img-inner dark\" >\n\t\t\t<img loading=\"lazy\" decoding=\"async\" width=\"600\" height=\"405\" src=\"https:\/\/www.sannicolasdemyra.cl\/web\/wp-content\/uploads\/Dia-del-estudiante-1.png\" class=\"attachment-large size-large\" alt=\"Celebraciones del d\u00eda del estudiante en el San Nicolas de Myra, en las condes\" srcset=\"https:\/\/www.sannicolasdemyra.cl\/web\/wp-content\/uploads\/Dia-del-estudiante-1.png 600w, https:\/\/www.sannicolasdemyra.cl\/web\/wp-content\/uploads\/Dia-del-estudiante-1-300x203.png 300w\" sizes=\"auto, (max-width: 600px) 100vw, 600px\" \/>\t\t\t\t\t\t\n\t\t\t\t\t<\/div>\n\t\t\t\t\t\t\t\t\n<style>\n#image_1599074159 {\n  width: 100%;\n}\n<\/style>\n\t<\/div>\n\t\n     <\/div>\n\n     <div class=\"loading-spin dark large centered\"><\/div>\n\n\t<\/div>\n\n\n\t\t<\/div>\n\t\t\t\t\n<style>\n#col-273687113 > .col-inner {\n  padding: 20px 20px 20px 20px;\n}\n<\/style>\n\t<\/div>\n\n\t\n<\/div>\n","protected":false},"excerpt":{"rendered":"<p>Experiencias que nos inspiran a seguir creciendo<\/p>\n","protected":false},"author":8,"featured_media":26622,"comment_status":"closed","ping_status":"closed","sticky":false,"template":"","format":"standard","meta":{"_price":"","_stock":"","_tribe_ticket_header":"","_tribe_default_ticket_provider":"","_tribe_ticket_capacity":"0","_ticket_start_date":"","_ticket_end_date":"","_tribe_ticket_show_description":"","_tribe_ticket_show_not_going":false,"_tribe_ticket_use_global_stock":"","_tribe_ticket_global_stock_level":"","_global_stock_mode":"","_global_stock_cap":"","_tribe_rsvp_for_event":"","_tribe_ticket_going_count":"","_tribe_ticket_not_going_count":"","_tribe_tickets_list":"[]","_tribe_ticket_has_attendee_info_fields":false,"footnotes":""},"categories":[1],"tags":[],"class_list":["post-26615","post","type-post","status-publish","format-standard","has-post-thumbnail","hentry","category-noticias"],"_links":{"self":[{"href":"https:\/\/www.sannicolasdemyra.cl\/web\/wp-json\/wp\/v2\/posts\/26615","targetHints":{"allow":["GET"]}}],"collection":[{"href":"https:\/\/www.sannicolasdemyra.cl\/web\/wp-json\/wp\/v2\/posts"}],"about":[{"href":"https:\/\/www.sannicolasdemyra.cl\/web\/wp-json\/wp\/v2\/types\/post"}],"author":[{"embeddable":true,"href":"https:\/\/www.sannicolasdemyra.cl\/web\/wp-json\/wp\/v2\/users\/8"}],"replies":[{"embeddable":true,"href":"https:\/\/www.sannicolasdemyra.cl\/web\/wp-json\/wp\/v2\/comments?post=26615"}],"version-history":[{"count":0,"href":"https:\/\/www.sannicolasdemyra.cl\/web\/wp-json\/wp\/v2\/posts\/26615\/revisions"}],"wp:featuredmedia":[{"embeddable":true,"href":"https:\/\/www.sannicolasdemyra.cl\/web\/wp-json\/wp\/v2\/media\/26622"}],"wp:attachment":[{"href":"https:\/\/www.sannicolasdemyra.cl\/web\/wp-json\/wp\/v2\/media?parent=26615"}],"wp:term":[{"taxonomy":"category","embeddable":true,"href":"https:\/\/www.sannicolasdemyra.cl\/web\/wp-json\/wp\/v2\/categories?post=26615"},{"taxonomy":"post_tag","embeddable":true,"href":"https:\/\/www.sannicolasdemyra.cl\/web\/wp-json\/wp\/v2\/tags?post=26615"}],"curies":[{"name":"wp","href":"https:\/\/api.w.org\/{rel}","templated":true}]}}