{"id":27081,"date":"2025-08-29T09:28:05","date_gmt":"2025-08-29T13:28:05","guid":{"rendered":"https:\/\/www.sannicolasdemyra.cl\/web\/?p=27081"},"modified":"2025-08-29T12:39:44","modified_gmt":"2025-08-29T16:39:44","slug":"solidaridad-en-accion","status":"publish","type":"post","link":"https:\/\/www.sannicolasdemyra.cl\/web\/solidaridad-en-accion\/","title":{"rendered":"Solidaridad en acci\u00f3n"},"content":{"rendered":"\t<div id=\"stack-3167625689\" class=\"stack stack-row justify-start items-stretch\">\n\t\t\n\n\t<section class=\"section\" id=\"section_1948813237\">\n\t\t<div class=\"section-bg fill\" >\n\t\t\t\t\t\t\t\t\t\n\t\t\t\n\n\t\t<\/div>\n\n\t\t\n\n\t\t<div class=\"section-content relative\">\n\t\t\t\n<div class=\"row\"  id=\"row-1261992477\">\n\n\t<div id=\"col-2001668752\" class=\"col medium-8 small-12 large-8\"  >\n\t\t\t\t<div class=\"col-inner\"  >\n\t\t\t\n\t\t\t\n<h3><strong>Solidaridad en acci\u00f3n: nuestros estudiantes compartieron su tiempo y cari\u00f1o con distintas comunidades<\/strong><\/h3>\n<p data-start=\"312\" data-end=\"577\">Durante todo el mes, nuestros cursos desde Jard\u00edn Infantil hasta IV Medio realizaron diversas<strong> actividades y salidas solidarias<\/strong> a hogares de adultos mayores, jardines infantiles y fundaciones, con el objetivo de <strong data-start=\"500\" data-end=\"547\">acompa\u00f1ar, alegrar y aportar con donaciones<\/strong> a quienes m\u00e1s lo necesitan.<\/p>\n\t<div class=\"img has-hover x md-x lg-x y md-y lg-y\" id=\"image_1359322452\">\n\t\t\t\t\t\t\t\t<div class=\"img-inner dark\" >\n\t\t\t<img loading=\"lazy\" decoding=\"async\" width=\"1020\" height=\"688\" src=\"https:\/\/www.sannicolasdemyra.cl\/web\/wp-content\/uploads\/WEB-Accion-Social-1024x691.png\" class=\"attachment-large size-large\" alt=\"D\u00cdA DE LA SOLIDARIDAD\" srcset=\"https:\/\/www.sannicolasdemyra.cl\/web\/wp-content\/uploads\/WEB-Accion-Social-1024x691.png 1024w, https:\/\/www.sannicolasdemyra.cl\/web\/wp-content\/uploads\/WEB-Accion-Social-300x203.png 300w, https:\/\/www.sannicolasdemyra.cl\/web\/wp-content\/uploads\/WEB-Accion-Social-768x519.png 768w, https:\/\/www.sannicolasdemyra.cl\/web\/wp-content\/uploads\/WEB-Accion-Social.png 1050w\" sizes=\"auto, (max-width: 1020px) 100vw, 1020px\" \/>\t\t\t\t\t\t\n\t\t\t\t\t<\/div>\n\t\t\t\t\t\t\t\t\n<style>\n#image_1359322452 {\n  width: 100%;\n}\n<\/style>\n\t<\/div>\n\t\n<p data-start=\"579\" data-end=\"890\">Cada nivel prepar\u00f3 actividades significativas: desde dramatizaciones de cuentos, bingos, juegos de patio y m\u00fasica, hasta proyectos de mejoramiento de espacios. Adem\u00e1s, se entregaron donaciones como pa\u00f1ales, art\u00edculos de aseo, juguetes, alimentos y materiales infantiles, gracias al compromiso de las familias.<\/p>\n<p data-start=\"892\" data-end=\"1115\">Estas experiencias no solo impactaron a las instituciones visitadas, sino que tambi\u00e9n marcaron profundamente a nuestros estudiantes, quienes <strong>vivieron la solidaridad como un valor que se practica y se disfruta con alegr\u00eda<\/strong>.<\/p>\n\n  \n    <div class=\"row  lightbox-multi-gallery large-columns-3 medium-columns- small-columns-2 slider row-slider slider-nav-reveal\"  data-flickity-options='{&quot;imagesLoaded&quot;: true, &quot;groupCells&quot;: &quot;100%&quot;, &quot;dragThreshold&quot; : 5, &quot;cellAlign&quot;: &quot;left&quot;,&quot;wrapAround&quot;: true,&quot;prevNextButtons&quot;: true,&quot;percentPosition&quot;: true,&quot;pageDots&quot;: false, &quot;rightToLeft&quot;: false, &quot;autoPlay&quot; : false}' >\n\n  <div class=\"gallery-col col\" >\n          <div class=\"col-inner\">\n            <a class=\"\" href=\"https:\/\/www.sannicolasdemyra.cl\/web\/wp-content\/uploads\/Dia-de-la-Solidaridad-Jardin-Infantil.png\" title=\"\">            <div class=\"box has-hover gallery-box box-overlay dark\">\n              <div class=\"box-image\" >\n                <img loading=\"lazy\" decoding=\"async\" width=\"300\" height=\"203\" src=\"https:\/\/www.sannicolasdemyra.cl\/web\/wp-content\/uploads\/Dia-de-la-Solidaridad-Jardin-Infantil-300x203.png\" class=\"attachment-medium size-medium\" alt=\"\" ids=\"27105,27106,27107,27108,27109,27110,27111\" type=\"slider\" columns=\"3\" srcset=\"https:\/\/www.sannicolasdemyra.cl\/web\/wp-content\/uploads\/Dia-de-la-Solidaridad-Jardin-Infantil-300x203.png 300w, https:\/\/www.sannicolasdemyra.cl\/web\/wp-content\/uploads\/Dia-de-la-Solidaridad-Jardin-Infantil-768x519.png 768w, https:\/\/www.sannicolasdemyra.cl\/web\/wp-content\/uploads\/Dia-de-la-Solidaridad-Jardin-Infantil.png 900w\" sizes=\"auto, (max-width: 300px) 100vw, 300px\" \/>                                  <div class=\"overlay fill\"\n                      style=\"background-color: rgba(0,0,0,.15)\">\n                  <\/div>\n                                                              <\/div>\n              <div class=\"box-text text-left\" >\n                 <p><\/p>\n              <\/div>\n            <\/div>\n            <\/a>          <\/div>\n         <\/div><div class=\"gallery-col col\" >\n          <div class=\"col-inner\">\n            <a class=\"\" href=\"https:\/\/www.sannicolasdemyra.cl\/web\/wp-content\/uploads\/Dia-de-la-Solidaridad-Prekinder.png\" title=\"\">            <div class=\"box has-hover gallery-box box-overlay dark\">\n              <div class=\"box-image\" >\n                <img loading=\"lazy\" decoding=\"async\" width=\"300\" height=\"203\" src=\"https:\/\/www.sannicolasdemyra.cl\/web\/wp-content\/uploads\/Dia-de-la-Solidaridad-Prekinder-300x203.png\" class=\"attachment-medium size-medium\" alt=\"\" ids=\"27105,27106,27107,27108,27109,27110,27111\" type=\"slider\" columns=\"3\" srcset=\"https:\/\/www.sannicolasdemyra.cl\/web\/wp-content\/uploads\/Dia-de-la-Solidaridad-Prekinder-300x203.png 300w, https:\/\/www.sannicolasdemyra.cl\/web\/wp-content\/uploads\/Dia-de-la-Solidaridad-Prekinder-768x519.png 768w, https:\/\/www.sannicolasdemyra.cl\/web\/wp-content\/uploads\/Dia-de-la-Solidaridad-Prekinder.png 900w\" sizes=\"auto, (max-width: 300px) 100vw, 300px\" \/>                                  <div class=\"overlay fill\"\n                      style=\"background-color: rgba(0,0,0,.15)\">\n                  <\/div>\n                                                              <\/div>\n              <div class=\"box-text text-left\" >\n                 <p><\/p>\n              <\/div>\n            <\/div>\n            <\/a>          <\/div>\n         <\/div><div class=\"gallery-col col\" >\n          <div class=\"col-inner\">\n            <a class=\"\" href=\"https:\/\/www.sannicolasdemyra.cl\/web\/wp-content\/uploads\/Dia-de-la-Solidaridado.png\" title=\"\">            <div class=\"box has-hover gallery-box box-overlay dark\">\n              <div class=\"box-image\" >\n                <img loading=\"lazy\" decoding=\"async\" width=\"300\" height=\"203\" src=\"https:\/\/www.sannicolasdemyra.cl\/web\/wp-content\/uploads\/Dia-de-la-Solidaridado-300x203.png\" class=\"attachment-medium size-medium\" alt=\"\" ids=\"27105,27106,27107,27108,27109,27110,27111\" type=\"slider\" columns=\"3\" srcset=\"https:\/\/www.sannicolasdemyra.cl\/web\/wp-content\/uploads\/Dia-de-la-Solidaridado-300x203.png 300w, https:\/\/www.sannicolasdemyra.cl\/web\/wp-content\/uploads\/Dia-de-la-Solidaridado-768x519.png 768w, https:\/\/www.sannicolasdemyra.cl\/web\/wp-content\/uploads\/Dia-de-la-Solidaridado.png 900w\" sizes=\"auto, (max-width: 300px) 100vw, 300px\" \/>                                  <div class=\"overlay fill\"\n                      style=\"background-color: rgba(0,0,0,.15)\">\n                  <\/div>\n                                                              <\/div>\n              <div class=\"box-text text-left\" >\n                 <p><\/p>\n              <\/div>\n            <\/div>\n            <\/a>          <\/div>\n         <\/div><div class=\"gallery-col col\" >\n          <div class=\"col-inner\">\n            <a class=\"\" href=\"https:\/\/www.sannicolasdemyra.cl\/web\/wp-content\/uploads\/Salida-Solidaria-mes-de-la-solidaridad.png\" title=\"\">            <div class=\"box has-hover gallery-box box-overlay dark\">\n              <div class=\"box-image\" >\n                <img loading=\"lazy\" decoding=\"async\" width=\"300\" height=\"203\" src=\"https:\/\/www.sannicolasdemyra.cl\/web\/wp-content\/uploads\/Salida-Solidaria-mes-de-la-solidaridad-300x203.png\" class=\"attachment-medium size-medium\" alt=\"\" ids=\"27105,27106,27107,27108,27109,27110,27111\" type=\"slider\" columns=\"3\" srcset=\"https:\/\/www.sannicolasdemyra.cl\/web\/wp-content\/uploads\/Salida-Solidaria-mes-de-la-solidaridad-300x203.png 300w, https:\/\/www.sannicolasdemyra.cl\/web\/wp-content\/uploads\/Salida-Solidaria-mes-de-la-solidaridad-768x519.png 768w, https:\/\/www.sannicolasdemyra.cl\/web\/wp-content\/uploads\/Salida-Solidaria-mes-de-la-solidaridad.png 900w\" sizes=\"auto, (max-width: 300px) 100vw, 300px\" \/>                                  <div class=\"overlay fill\"\n                      style=\"background-color: rgba(0,0,0,.15)\">\n                  <\/div>\n                                                              <\/div>\n              <div class=\"box-text text-left\" >\n                 <p><\/p>\n              <\/div>\n            <\/div>\n            <\/a>          <\/div>\n         <\/div><div class=\"gallery-col col\" >\n          <div class=\"col-inner\">\n            <a class=\"\" href=\"https:\/\/www.sannicolasdemyra.cl\/web\/wp-content\/uploads\/Salidas-Pedagogicas-7\u00b0-Basico.png\" title=\"\">            <div class=\"box has-hover gallery-box box-overlay dark\">\n              <div class=\"box-image\" >\n                <img loading=\"lazy\" decoding=\"async\" width=\"300\" height=\"203\" src=\"https:\/\/www.sannicolasdemyra.cl\/web\/wp-content\/uploads\/Salidas-Pedagogicas-7\u00b0-Basico-300x203.png\" class=\"attachment-medium size-medium\" alt=\"\" ids=\"27105,27106,27107,27108,27109,27110,27111\" type=\"slider\" columns=\"3\" srcset=\"https:\/\/www.sannicolasdemyra.cl\/web\/wp-content\/uploads\/Salidas-Pedagogicas-7\u00b0-Basico-300x203.png 300w, https:\/\/www.sannicolasdemyra.cl\/web\/wp-content\/uploads\/Salidas-Pedagogicas-7\u00b0-Basico-768x519.png 768w, https:\/\/www.sannicolasdemyra.cl\/web\/wp-content\/uploads\/Salidas-Pedagogicas-7\u00b0-Basico.png 900w\" sizes=\"auto, (max-width: 300px) 100vw, 300px\" \/>                                  <div class=\"overlay fill\"\n                      style=\"background-color: rgba(0,0,0,.15)\">\n                  <\/div>\n                                                              <\/div>\n              <div class=\"box-text text-left\" >\n                 <p><\/p>\n              <\/div>\n            <\/div>\n            <\/a>          <\/div>\n         <\/div><div class=\"gallery-col col\" >\n          <div class=\"col-inner\">\n            <a class=\"\" href=\"https:\/\/www.sannicolasdemyra.cl\/web\/wp-content\/uploads\/Salidas-Solidarias-8\u00b0-Basico.png\" title=\"\">            <div class=\"box has-hover gallery-box box-overlay dark\">\n              <div class=\"box-image\" >\n                <img loading=\"lazy\" decoding=\"async\" width=\"300\" height=\"203\" src=\"https:\/\/www.sannicolasdemyra.cl\/web\/wp-content\/uploads\/Salidas-Solidarias-8\u00b0-Basico-300x203.png\" class=\"attachment-medium size-medium\" alt=\"\" ids=\"27105,27106,27107,27108,27109,27110,27111\" type=\"slider\" columns=\"3\" srcset=\"https:\/\/www.sannicolasdemyra.cl\/web\/wp-content\/uploads\/Salidas-Solidarias-8\u00b0-Basico-300x203.png 300w, https:\/\/www.sannicolasdemyra.cl\/web\/wp-content\/uploads\/Salidas-Solidarias-8\u00b0-Basico-768x519.png 768w, https:\/\/www.sannicolasdemyra.cl\/web\/wp-content\/uploads\/Salidas-Solidarias-8\u00b0-Basico.png 900w\" sizes=\"auto, (max-width: 300px) 100vw, 300px\" \/>                                  <div class=\"overlay fill\"\n                      style=\"background-color: rgba(0,0,0,.15)\">\n                  <\/div>\n                                                              <\/div>\n              <div class=\"box-text text-left\" >\n                 <p><\/p>\n              <\/div>\n            <\/div>\n            <\/a>          <\/div>\n         <\/div><div class=\"gallery-col col\" >\n          <div class=\"col-inner\">\n            <a class=\"\" href=\"https:\/\/www.sannicolasdemyra.cl\/web\/wp-content\/uploads\/Salidas-solidarias-III-Medio.png\" title=\"\">            <div class=\"box has-hover gallery-box box-overlay dark\">\n              <div class=\"box-image\" >\n                <img loading=\"lazy\" decoding=\"async\" width=\"300\" height=\"203\" src=\"https:\/\/www.sannicolasdemyra.cl\/web\/wp-content\/uploads\/Salidas-solidarias-III-Medio-300x203.png\" class=\"attachment-medium size-medium\" alt=\"\" ids=\"27105,27106,27107,27108,27109,27110,27111\" type=\"slider\" columns=\"3\" srcset=\"https:\/\/www.sannicolasdemyra.cl\/web\/wp-content\/uploads\/Salidas-solidarias-III-Medio-300x203.png 300w, https:\/\/www.sannicolasdemyra.cl\/web\/wp-content\/uploads\/Salidas-solidarias-III-Medio-768x519.png 768w, https:\/\/www.sannicolasdemyra.cl\/web\/wp-content\/uploads\/Salidas-solidarias-III-Medio.png 900w\" sizes=\"auto, (max-width: 300px) 100vw, 300px\" \/>                                  <div class=\"overlay fill\"\n                      style=\"background-color: rgba(0,0,0,.15)\">\n                  <\/div>\n                                                              <\/div>\n              <div class=\"box-text text-left\" >\n                 <p><\/p>\n              <\/div>\n            <\/div>\n            <\/a>          <\/div>\n         <\/div><\/div>\n\t\t<\/div>\n\t\t\t\t\t<\/div>\n\n\t\n\n\t<div id=\"col-1752248462\" class=\"col medium-4 small-12 large-4\"  >\n\t\t\t\t<div class=\"col-inner\" style=\"background-color:#03263d;\" >\n\t\t\t\n\t\t\t\n\t<div class=\"img has-hover x md-x lg-x y md-y lg-y\" id=\"image_655566891\">\n\t\t\t\t\t\t\t\t<div class=\"img-inner dark\" >\n\t\t\t<img loading=\"lazy\" decoding=\"async\" width=\"900\" height=\"608\" src=\"https:\/\/www.sannicolasdemyra.cl\/web\/wp-content\/uploads\/Salidas-Pedagogicas-IV-Medio.png\" class=\"attachment-large size-large\" alt=\"\" srcset=\"https:\/\/www.sannicolasdemyra.cl\/web\/wp-content\/uploads\/Salidas-Pedagogicas-IV-Medio.png 900w, https:\/\/www.sannicolasdemyra.cl\/web\/wp-content\/uploads\/Salidas-Pedagogicas-IV-Medio-300x203.png 300w, https:\/\/www.sannicolasdemyra.cl\/web\/wp-content\/uploads\/Salidas-Pedagogicas-IV-Medio-768x519.png 768w\" sizes=\"auto, (max-width: 900px) 100vw, 900px\" \/>\t\t\t\t\t\t\n\t\t\t\t\t<\/div>\n\t\t\t\t\t\t\t\t\n<style>\n#image_655566891 {\n  width: 100%;\n}\n<\/style>\n\t<\/div>\n\t\n\t<div id=\"text-98125377\" class=\"text\">\n\t\t\n<h3>Un cierre solidario: m\u00e1s de 700 juguetes recolectados<\/h3>\n<p data-start=\"1216\" data-end=\"1426\">Como broche de oro, nuestros IV Medios organizaron una gran campa\u00f1a que permiti\u00f3 reunir <strong data-start=\"1304\" data-end=\"1327\">m\u00e1s de 700 juguetes<\/strong>, distribuidos en <strong data-start=\"1345\" data-end=\"1361\">240 regalos<\/strong> que ser\u00e1n entregados a ni\u00f1os y ni\u00f1as de la Parroquia San Francisco de Asis en Rancagua.<\/p>\n<p data-start=\"1428\" data-end=\"1683\">Este gesto, junto con todas las visitas y actividades realizadas durante el mes, refleja el esp\u00edritu que nos mueve como colegio: <strong data-start=\"1557\" data-end=\"1681\">formar personas comprometidas, generosas y emp\u00e1ticas, capaces de transformar su entorno con peque\u00f1as y grandes acciones.<\/strong><\/p>\n\t\t\n<style>\n#text-98125377 {\n  color: rgb(255,255,255);\n}\n#text-98125377 > * {\n  color: rgb(255,255,255);\n}\n<\/style>\n\t<\/div>\n\t\n\t\t<\/div>\n\t\t\t\t\n<style>\n#col-1752248462 > .col-inner {\n  padding: 20px 20px 20px 20px;\n}\n<\/style>\n\t<\/div>\n\n\t\n<\/div>\n\t\t<\/div>\n\n\t\t\n<style>\n#section_1948813237 {\n  padding-top: 30px;\n  padding-bottom: 30px;\n}\n<\/style>\n\t<\/section>\n\t\n\t\t\n<style>\n#stack-3167625689 > * {\n  --stack-gap: 0rem;\n}\n<\/style>\n\t<\/div>\n\t\n","protected":false},"excerpt":{"rendered":"<p>Haz clic aqu\u00ed y revive las experiencias solidarias que marcaron este mes<\/p>\n","protected":false},"author":8,"featured_media":27099,"comment_status":"closed","ping_status":"closed","sticky":false,"template":"","format":"standard","meta":{"_price":"","_stock":"","_tribe_ticket_header":"","_tribe_default_ticket_provider":"","_tribe_ticket_capacity":"0","_ticket_start_date":"","_ticket_end_date":"","_tribe_ticket_show_description":"","_tribe_ticket_show_not_going":false,"_tribe_ticket_use_global_stock":"","_tribe_ticket_global_stock_level":"","_global_stock_mode":"","_global_stock_cap":"","_tribe_rsvp_for_event":"","_tribe_ticket_going_count":"","_tribe_ticket_not_going_count":"","_tribe_tickets_list":"[]","_tribe_ticket_has_attendee_info_fields":false,"footnotes":""},"categories":[1],"tags":[],"class_list":["post-27081","post","type-post","status-publish","format-standard","has-post-thumbnail","hentry","category-noticias"],"_links":{"self":[{"href":"https:\/\/www.sannicolasdemyra.cl\/web\/wp-json\/wp\/v2\/posts\/27081","targetHints":{"allow":["GET"]}}],"collection":[{"href":"https:\/\/www.sannicolasdemyra.cl\/web\/wp-json\/wp\/v2\/posts"}],"about":[{"href":"https:\/\/www.sannicolasdemyra.cl\/web\/wp-json\/wp\/v2\/types\/post"}],"author":[{"embeddable":true,"href":"https:\/\/www.sannicolasdemyra.cl\/web\/wp-json\/wp\/v2\/users\/8"}],"replies":[{"embeddable":true,"href":"https:\/\/www.sannicolasdemyra.cl\/web\/wp-json\/wp\/v2\/comments?post=27081"}],"version-history":[{"count":0,"href":"https:\/\/www.sannicolasdemyra.cl\/web\/wp-json\/wp\/v2\/posts\/27081\/revisions"}],"wp:featuredmedia":[{"embeddable":true,"href":"https:\/\/www.sannicolasdemyra.cl\/web\/wp-json\/wp\/v2\/media\/27099"}],"wp:attachment":[{"href":"https:\/\/www.sannicolasdemyra.cl\/web\/wp-json\/wp\/v2\/media?parent=27081"}],"wp:term":[{"taxonomy":"category","embeddable":true,"href":"https:\/\/www.sannicolasdemyra.cl\/web\/wp-json\/wp\/v2\/categories?post=27081"},{"taxonomy":"post_tag","embeddable":true,"href":"https:\/\/www.sannicolasdemyra.cl\/web\/wp-json\/wp\/v2\/tags?post=27081"}],"curies":[{"name":"wp","href":"https:\/\/api.w.org\/{rel}","templated":true}]}}